{"id":29455,"date":"2015-11-25T23:43:15","date_gmt":"2015-11-25T21:43:15","guid":{"rendered":"http:\/\/www.evanjelik.sk\/?p=29455"},"modified":"2025-09-12T18:59:26","modified_gmt":"2025-09-12T16:59:26","slug":"kostnicka-iskricka-4-glejt-zigmunda","status":"publish","type":"post","link":"https:\/\/www.e-anjelik.sk\/index.php\/2015\/11\/25\/kostnicka-iskricka-4-glejt-zigmunda\/","title":{"rendered":"Kostnick\u00e1 iskri\u010dka &#8211; 4: Glejt \u017digmunda&#8230;"},"content":{"rendered":"\n<p>&nbsp;<\/p>\n\n\n\n<p>Glejt \u017digmunda versus Bo\u017eia pomoc<\/p>\n\n\n\n<p>&nbsp;<\/p>\n\n\n\n<p>Veril majster J\u00e1n Hus kr\u00e1\u013eovi \u017digmundovi, alebo viac d\u00fafal v Bo\u017eiu pomoc, ke\u010f sa rozhodol \u00eds\u0165 na Kostnick\u00fd koncil?\u00a0Odpove\u010f na t\u00fato ot\u00e1zku rozde\u013euje \u013eud\u00ed dodnes. V\u0161imnime si najsk\u00f4r Husovu dom\u00e1cu pr\u00edpravu. Predov\u0161etk\u00fdm nechal e\u0161te v lete vyvesi\u0165 na dvere kostolov a kl\u00e1\u0161torov verejn\u00e9 vyhl\u00e1senie, \u017ee na koncil chce \u00eds\u0165 a tam <i>\u201cvyda\u0165 po\u010det zo svojej viery\u201d. <\/i>Ak niekto vie o jeho bludoch, nech to ozn\u00e1mi na synode, konanej v Prahe 26. augusta 1414. Svoje ofici\u00e1lne vyhl\u00e1senie kr\u00e1\u013eovi V\u00e1clavovi, kr\u00e1\u013eovnej a dvoru zakon\u010dil pr\u00edzna\u010dne<i>: \u201cAk bude usved\u010den\u00fd, je pripraven\u00fd zomrie\u0165, pevne v\u0161ak d\u00fafa, \u017ee Boh nedopust\u00ed, aby nad pravdou zv\u00ed\u0165azili jeho protivn\u00edci\u201d<\/i>. Osved\u010denie mu vydal pra\u017esk\u00fd inkviz\u00edtor, biskup Mikul\u00e1\u0161, ktor\u00fd uviedol, \u017ee u Husa nena\u0161iel nijak\u00fd blud, ani kac\u00edrstvo. Niesol si aj not\u00e1rom potvrden\u00e9 vyhl\u00e1senie od rektora univerzity o sp\u00f4sobe vydania Kutnohorsk\u00e9ho dekr\u00e9tu z roku 1409 a protest univerzity proti sp\u00e1leniu Wiklefov\u00fdch kn\u00edh z 15. j\u00fala 1410.<\/p>\n\n\n\n<p>Pra\u017esk\u00fd arcibiskup svoje stanovisko poskytol prostredn\u00edctvom zemsk\u00fdch p\u00e1nov. Uviedol, \u017ee s\u00fa mu neni zn\u00e1me \u017eiadne Husove bludy. T\u00edto ho poslali kr\u00e1\u013eovi \u017digmundovi a na list pridali svoje pe\u010date.<\/p>\n\n\n\n<p>&nbsp;<\/p>\n\n\n\n<p>Okrem toho si Hus pripravoval prejavy, ktor\u00e9 chcel na koncile prednies\u0165. Bola to napr. sl\u00e1vnostn\u00e1 k\u00e1ze\u0148 o mieri, ktorou zam\u00fd\u0161\u013eal oslovi\u0165 otcov koncilu. Bola zalo\u017een\u00e1 na slov\u00e1ch: \u201d<i>Pozdvihujem si o\u010di k vrchom: Odkia\u013e mi pr\u00edde pomoc? Od Hospodina\u00a0moja pomoc, ktor\u00fd u\u010dinil nebes\u00e1 i zem\u2026. Slnko \u0165a vo dne neran\u00ed \u00fapalom ani mesiac v noci.\u201d\u00a0(\u017dalm 121, 1-6) <\/i>Pre objasnenie svojej viery mal pripraven\u00e9 pozn\u00e1mky na r\u00f4zne biblick\u00e9 texty. Za\u010d\u00ednal v\u00fdrokom z listu \u017didom<i>: \u201cBez viery nie je mo\u017en\u00e9 \u013e\u00fabi\u0165 sa Bohu\u201d. <\/i>Pokra\u010doval pozn\u00e1mkami k textu <i>1Pt 3, 15: \u201dP\u00e1na, Krista, posv\u00e4cujte v srdciach! Ka\u017ed\u00e9mu, kto by v\u00e1s bral na zodpovednos\u0165 pre va\u0161u n\u00e1dej, bu\u010fte st\u00e1le pripraven\u00fd vyda\u0165 po\u010det\u201d.<\/i> V \u010fal\u0161om vyhlasoval, \u017ee neprest\u00e1va pod\u013ea Skutkov apo\u0161tolsk\u00fdch hl\u00e1sa\u0165 t\u00fa ist\u00fa vieru, ktorej u\u010dil Moj\u017ei\u0161, proroci a Kristov z\u00e1kon <i>(Sk 26, 22-23).<\/i> Cit\u00e1t z <i>1. listu Petra 4, 14-17<\/i><i>: \u201dBlahoslaven\u00ed ste, ke\u010f v\u00e1s \u013eudia hanobia pre meno Kristovo\u2026\u201d<\/i> zostal nevyu\u017eit\u00fd. Hus nap\u00edsal aj svoju <i>posledn\u00fa v\u00f4\u013eu, <\/i>ktor\u00e1 mala by\u0165 otvoren\u00e1 len v pr\u00edpade jeho smrti. Sved\u010d\u00ed to o tom, \u017ee aj so smr\u0165ou v\u00e1\u017ene po\u010d\u00edtal. Svoju vec zveril Kristovi, najvy\u0161\u0161iemu sudcovi.<\/p>\n\n\n\n<p>&nbsp;<\/p>\n\n\n\n<p>Niektor\u00ed \u013eudia si v\u0161ak myslia, \u017ee majster J\u00e1n Hus sa spoliehal najm\u00e4 na zn\u00e1my glejt uhorsk\u00e9ho a r\u00edmskeho kr\u00e1\u013ea \u017digmunda, ktor\u00fd bol inici\u00e1torom koncilu v Kostnici. Nebol n\u00edm ani jeden z vtedaj\u0161\u00edch troch p\u00e1pe\u017eov, preto\u017ee to nebolo v ich z\u00e1ujme.<\/p>\n\n\n\n<p>P\u00e1pe\u017e <b><i>J\u00e1n XXIII<\/i><\/b><i>,<\/i> len pod n\u00e1tlakom a hrozbou novozvolen\u00e9ho r\u00edmskeho kr\u00e1\u013ea \u017digmunda poslal pozvanie zainteresovan\u00edm. Pri ceste na koncil vypadol pri nehode na kopci Arlbergu z voza do snehu a sluhom po latinsky povedal:<i> \u201dLe\u017e\u00edm tu v mene diabla<\/i>\u201d. Tak to aspo\u0148 zazna\u010dil kronik\u00e1r koncilu, kostnick\u00fd me\u0161\u0165an <b>Ulrich Richental.<\/b> J\u00e1novi XXIII. nevy\u0161iel a nepomohol ani neskor\u0161\u00ed \u00fatek z koncilu. Bol prin\u00faten\u00fd vr\u00e1ti\u0165 sa a napokon skon\u010dil vo v\u00e4zen\u00ed Gottlieben, kde dal predt\u00fdm uv\u00e4zni\u0165 J\u00e1na Husa.<\/p>\n\n\n\n<p>J\u00e1n Hus sa na za\u010diatku okt\u00f3bra v liste priate\u013eom pos\u0165a\u017eoval, \u017ee odch\u00e1dza bez glejtu, hoci ho bude \u010daka\u0165 viac nepriate\u013eov ako m\u00e1 doma. Priate\u013e, kraj\u010d\u00edr Ondrej Pol\u00e1k mu pri dojemnej rozl\u00fa\u010dke predpovedal: <i>\u201dBoh bu\u010f s tebou. Zd\u00e1 sa mi, \u017ee sa nevr\u00e1ti\u0161.\u201d\u00a0<\/i><\/p>\n\n\n\n<p>&nbsp;<\/p>\n\n\n\n<p><i>\u017digmundov glejt<\/i> mu bol doru\u010den\u00fd a\u017e po pr\u00edchode, po urgencii p\u00e1nov z jeho sprievodu. Trvalou hanbou kr\u00e1\u013ea \u017digmunda zost\u00e1va, \u017ee poru\u0161il svoje slovo i p\u00edsmo. Glejt (z nem.slova Geleit &#8211; sprievod) znamenal z\u00e1ruku bezpe\u010dnosti a ochrany a tie\u017e listinu, v ktorej sa t\u00e1to ochrana uv\u00e1dza. <b>No nielen t\u00e1to panovn\u00edkova z\u00e1ruka nebola dodr\u017ean\u00e1.<\/b> \u017digmund nedodr\u017eal ani in\u00e9 glejty a z\u00e1ruky pre viacer\u00e9 osoby. <b>Rozhoduj\u00face je, \u017ee hoci bol na koncile osobne pr\u00edtomn\u00fd, nezasiahol,<\/b> hoci koncil sa konal i pokra\u010doval iba jeho pri\u010dinen\u00edm. Uk\u00e1zalo sa, \u017ee aj tu sledoval len svoje z\u00e1ujmy. Jeho cie\u013eom bolo z\u00edska\u0165 aj cis\u00e1rsku korunu a in\u00e9 kr\u00e1\u013eovsk\u00e9 tituly s t\u00fdm s\u00favisiace, najm\u00e4 kr\u00e1\u013eovstvo \u010cesk\u00e9.<\/p>\n\n\n\n<p>&nbsp;<\/p>\n\n\n\n<p><i> 31. m\u00e1ja 1433 sa \u017digmund<\/i> do\u010dkal naplnenia svojho sna. Stal sa <i>cis\u00e1rom Sv\u00e4tej r\u00ed\u0161e r\u00edmskej. <\/i>P\u00e1pe\u017e Eugen IV. mu v r\u00edmskej bazilike sv. Petra polo\u017eil na hlavu diad\u00e9m a udelil predp\u00edsan\u00e9 pomazanie. \u017digmund mal zmysel pre sebair\u00f3niu. Ako zaznamenal s\u00fa\u010dasn\u00fd kronik\u00e1r, po\u010das obradu sa obr\u00e1til k p\u00e1pe\u017eovi s t\u00fdmito slovami.<i> \u201dS\u00fa tri veci, sv\u00e4t\u00fd ot\u010de, v ktor\u00fdch sa rozch\u00e1dzame a tri, v ktor\u00fdch sa zhodujeme. Ty r\u00e1no sp\u00ed\u0161, ja vst\u00e1vam pred \u00fasvitom, ty pije\u0161 vodu, ja v\u00edno, ty sa \u017een\u00e1m vyh\u00fdba\u0161, ja ich vyh\u013ead\u00e1vam. Ale zhodneme sa, \u017ee ty rozd\u00e1va\u0161 cirkevn\u00e9 poklady a ja si ni\u010d nenech\u00e1vam, ty m\u00e1\u0161 chor\u00e9 ruky, ja nohy, ty ni\u010d\u00ed\u0161 cirkev a ja Sv\u00e4t\u00fa r\u00ed\u0161u r\u00edmsku\u201d.<\/i><\/p>\n\n\n\n<p><i>&nbsp;&nbsp; &nbsp; &nbsp;<\/i><\/p>\n\n\n\n<p><i>&nbsp; &nbsp; <\/i>\u017digmund spolu s p\u00e1pe\u017eom zorganizoval a\u017e <b>p\u00e4\u0165 kri\u017eiackych v\u00fdprav proti \u010cech\u00e1m.<\/b> Vn\u00fatil tak \u010desk\u00fdm husitom p\u00e4tn\u00e1s\u0165 rokov ne\u013e\u00fatostn\u00fdch bojov. Z\u00fa\u010dastnil sa aj \u010fal\u0161ieho rokovania koncilu v Bazileji, ktor\u00fd napokon prijal kompromisn\u00fa dohodu s husitmi, naz\u00fdvan\u00fa <b>kompakt\u00e1ty. &nbsp;<\/b><\/p>\n\n\n\n<p>Lav\u00edrovanie a z\u00e1kulisn\u00e1 diplomacia koncilu husitov rozdelila, tak\u017ee v bitke <i>pri Lipanoch 30. 5. 1434<\/i> vlastne &#8211; husiti porazili husitov. Napriek tvrdej por\u00e1\u017eke po\u013en\u00fdch vojsk, vernos\u0165 pravde Kristovej u duchovn\u00fdch potomkov J\u00e1na Husa zostala. <i>(\u013euba)<\/i><\/p>\n\n\n\n<p><\/p>\n","protected":false},"excerpt":{"rendered":"<p>&nbsp; Glejt \u017digmunda versus Bo\u017eia pomoc &nbsp; Veril majster J\u00e1n Hus kr\u00e1\u013eovi \u017digmundovi, alebo viac d\u00fafal v Bo\u017eiu pomoc, ke\u010f sa rozhodol \u00eds\u0165 na Kostnick\u00fd koncil?\u00a0Odpove\u010f na t\u00fato ot\u00e1zku rozde\u013euje \u013eud\u00ed dodnes. V\u0161imnime si najsk\u00f4r Husovu dom\u00e1cu pr\u00edpravu. Predov\u0161etk\u00fdm nechal e\u0161te v lete vyvesi\u0165 na dvere kostolov a kl\u00e1\u0161torov verejn\u00e9 vyhl\u00e1senie, \u017ee na koncil chce &#8230; <a title=\"Kostnick\u00e1 iskri\u010dka &#8211; 4: Glejt \u017digmunda&#8230;\" class=\"read-more\" href=\"https:\/\/www.e-anjelik.sk\/index.php\/2015\/11\/25\/kostnicka-iskricka-4-glejt-zigmunda\/\" aria-label=\"Pre\u010d\u00edtajte si viac o Kostnick\u00e1 iskri\u010dka &#8211; 4: Glejt \u017digmunda&#8230;\">\u010c\u00edta\u0165 viac<\/a><\/p>\n","protected":false},"author":4,"featured_media":0,"comment_status":"open","ping_status":"open","sticky":false,"template":"","format":"standard","meta":{"footnotes":""},"categories":[40],"tags":[],"class_list":["post-29455","post","type-post","status-publish","format-standard","hentry","category-historia"],"_links":{"self":[{"href":"https:\/\/www.e-anjelik.sk\/index.php\/wp-json\/wp\/v2\/posts\/29455","targetHints":{"allow":["GET"]}}],"collection":[{"href":"https:\/\/www.e-anjelik.sk\/index.php\/wp-json\/wp\/v2\/posts"}],"about":[{"href":"https:\/\/www.e-anjelik.sk\/index.php\/wp-json\/wp\/v2\/types\/post"}],"author":[{"embeddable":true,"href":"https:\/\/www.e-anjelik.sk\/index.php\/wp-json\/wp\/v2\/users\/4"}],"replies":[{"embeddable":true,"href":"https:\/\/www.e-anjelik.sk\/index.php\/wp-json\/wp\/v2\/comments?post=29455"}],"version-history":[{"count":1,"href":"https:\/\/www.e-anjelik.sk\/index.php\/wp-json\/wp\/v2\/posts\/29455\/revisions"}],"predecessor-version":[{"id":38448,"href":"https:\/\/www.e-anjelik.sk\/index.php\/wp-json\/wp\/v2\/posts\/29455\/revisions\/38448"}],"wp:attachment":[{"href":"https:\/\/www.e-anjelik.sk\/index.php\/wp-json\/wp\/v2\/media?parent=29455"}],"wp:term":[{"taxonomy":"category","embeddable":true,"href":"https:\/\/www.e-anjelik.sk\/index.php\/wp-json\/wp\/v2\/categories?post=29455"},{"taxonomy":"post_tag","embeddable":true,"href":"https:\/\/www.e-anjelik.sk\/index.php\/wp-json\/wp\/v2\/tags?post=29455"}],"curies":[{"name":"wp","href":"https:\/\/api.w.org\/{rel}","templated":true}]}}