{"id":29457,"date":"2015-11-26T10:25:54","date_gmt":"2015-11-26T08:25:54","guid":{"rendered":"http:\/\/www.evanjelik.sk\/?p=29457"},"modified":"2015-11-26T10:25:54","modified_gmt":"2015-11-26T08:25:54","slug":"zomrela-anna-ryzkova","status":"publish","type":"post","link":"https:\/\/www.e-anjelik.sk\/index.php\/2015\/11\/26\/zomrela-anna-ryzkova\/","title":{"rendered":"Zomrela  Anna R\u00fdzkov\u00e1"},"content":{"rendered":"<p>Bratislava 23. novembra (TASR) &#8211; Vo veku 79 rokov zomrela v piatok 20. novembra v\u00fdznamn\u00e1 slovensk\u00e1 jazykovedky\u0148a a vysoko\u0161kolsk\u00e1 pedagogi\u010dka Anna R\u00fdzkov\u00e1. Venovala sa v\u00fdskumu zvukovej str\u00e1nky sloven\u010diny, jazykovej kult\u00fare, v\u00fdskumu slovensk\u00fdch n\u00e1re\u010d\u00ed a v\u00fdvinu slovensk\u00e9ho jazyka. P\u00f4sobila na Univerzite Komensk\u00e9ho a na Trnavskej univerzite. Rodina a verejnos\u0165 sa s docentkou R\u00fdzkovou rozl\u00fa\u010dia v utorok 24. novembra v rodnej Prietr\u017ei (okr. Senica).<\/p>\n<p>TASR o tom informoval ved\u00faci Katedry slovensk\u00e9ho jazyka a literat\u00fary Pedagogickej fakulty Trnavskej univerzity Juraj Hladk\u00fd.<\/p>\n<p>Anna R\u00fdzkov\u00e1 sa narodila 25. j\u00fana 1936 v Prietr\u017ei. Slovensk\u00fd jazyk \u0161tudovala v rokoch 1955 a\u017e 1960 na Fakulte spolo\u010densk\u00fdch vied Vysokej \u0161koly pedagogickej v Bratislave. V roku 1962 nast\u00fapila na miesto vysoko\u0161kolskej pedagogi\u010dky na Katedre slovensk\u00e9ho jazyka a literat\u00fary Pedagogickej fakulty Univerzity Komensk\u00e9ho v Trnave. Ako lektorka slovensk\u00e9ho jazyka za\u010das p\u00f4sobila aj na Humboldtovej univerzite v Berl\u00edne (1971 \u2013 1973).<\/p>\n<p>Roku 1978 obh\u00e1jila kandid\u00e1tsku pr\u00e1cu na t\u00e9mu Myjavsko-brezovsk\u00e9 n\u00e1re\u010die \u2013 vplyv os\u00eddlenia na formovanie zvukovej str\u00e1nky. O rok nesk\u00f4r z\u00edskala titul doktorka filozofie a v roku 1984 titul docentka. V rokoch 1984 \u2013 1986 p\u00f4sobila na p\u00f4vodnej Pedagogickej fakulte Univerzity Komensk\u00e9ho v Trnave vo funkcii ved\u00facej katedry a prodekanky. Po zru\u0161en\u00ed fakulty pracovala v rokoch 1986 a 1987 na Katedre slovensk\u00e9ho jazyka Filozofickej fakulty UK a \u010fal\u0161\u00edch desa\u0165 rokov, do roku 1997, na Katedre slovensk\u00e9ho jazyka a literat\u00fary Pedagogickej fakulty UK.<\/p>\n<p>V tomto obdob\u00ed spolu s \u00c1belom Kr\u00e1\u013eom pripravili dodnes aktu\u00e1lnu publik\u00e1ciu Z\u00e1klady jazykovej kult\u00fary, nesk\u00f4r sa spoluautorsky z\u00fa\u010dastnila aj na vydan\u00ed vysoko\u0161kolsk\u00fdch skr\u00edpt Slovensk\u00fd jazyk I. a pr\u00edru\u010dky Po\u017eiadavky zo slovensk\u00e9ho jazyka a literat\u00fary na prij\u00edmacie sk\u00fa\u0161ky na vysok\u00e9 \u0161koly.<\/p>\n<p>V obdob\u00ed rokov 1995 a\u017e 1999 ju ministerstvo \u0161kolstva poverilo vykon\u00e1van\u00edm funkcie lektorky slovensk\u00e9ho jazyka, literat\u00fary a kult\u00fary na Filozofickej fakulte Univerzity v \u013dub\u013eane, kde vydala vysoko\u0161kolsk\u00e9 skript\u00e1 Slova\u0161\u010dina za Slovence (Sloven\u010dina pre Slovincov). Po skon\u010den\u00ed pobytu v Slovinsku sa vr\u00e1tila na svoje b\u00fdval\u00e9 p\u00f4sobisko do Trnavy \u2013 tentoraz u\u017e v r\u00e1mci Pedagogickej fakulty Trnavskej univerzity. Vo svojej vedeckej aj pedagogickej pr\u00e1ci sa venovala fonetike a fonol\u00f3gii, jazykovej kult\u00fare a morfol\u00f3gii slovensk\u00e9ho jazyka.<\/p>\n<p>Spolu s Martou Pat\u00e1kovou vydali pr\u00edru\u010dky Dikt\u00e1ty a pravopisn\u00e9 cvi\u010denia pre 6. \u2013 9. ro\u010dn\u00edk ZD\u0160 a Pravopisn\u00fd v\u00fdcvik v 5. \u2013 8. ro\u010dn\u00edku z\u00e1kladnej \u0161koly, ktor\u00e1 sa nadlho stala pom\u00f4ckou pre u\u010dite\u013eov aj \u017eiakov. Je tie\u017e spoluautorkou pr\u00edru\u010dky V\u0161estrann\u00fd jazykov\u00fd rozbor. Vo vyd\u00e1van\u00ed pr\u00edru\u010diek, u\u010debn\u00edc pre stredn\u00e9 \u0161koly a gymn\u00e1zi\u00e1 a cvi\u010debn\u00edc pre z\u00e1kladn\u00e9 a stredn\u00e9 \u0161koly, zameran\u00fdch najm\u00e4 na pravopisn\u00e9 probl\u00e9my a jazykov\u00fa kult\u00faru, pokra\u010dovala ako autorka alebo spoluautorka v podstate dodnes. Medzi jej najnov\u0161ie pr\u00e1ce patr\u00ed Didaktick\u00e1 pr\u00edru\u010dka pre u\u010dite\u013eov s podn\u00e1zvom Slovensk\u00fd jazyk pre 1. stupe\u0148 Z\u0160 (spoluautorky M\u00e1ria Bel\u00e1kov\u00e1 a M\u00e1ria Morav\u010d\u00edkov\u00e1).<\/p>\n<p>(Prevzat\u00e9 z agent\u00fary www.teraz.sk)<!-- 1 c:0--><\/p>\n<p>Pohrebn\u00fa rozl\u00fa\u010dku pod\u013ea obradov ECAV a slovo Bo\u017eie zvestoval n\u00e1mestn\u00fd far\u00e1r v Prietr\u017ei Pavel \u010cerfe\u013e. Biblick\u00fdm z\u00e1kladom pote\u0161enia boli slov\u00e1 z listu apo\u0161tola Pavla Kolosensk\u00fdm kres\u0165anom 3, 14 : &#8220; &#8230;priodejte sa\u00a0l\u00e1skou, \u00a0ktor\u00e1 je p\u00e1skou dokonalosti.&#8220;<\/p>\n<div class=\"sharebtns\"><iframe loading=\"lazy\" src=\"http:\/\/www.facebook.com\/plugins\/like.php?href=http%3A%2F%2Fwww.teraz.sk%2Fslovensko%2Fzomrela-pedagogicka-anna-ryzkova%2F167461-clanok.html&amp;send=false&amp;locale=sk_SK&amp;layout=button_count&amp;width=250&amp;show_faces=false&amp;action=recommend&amp;colorscheme=light&amp;font&amp;height=35&amp;appId=282867128448169\" width=\"5\" height=\"5\" frameborder=\"0\" scrolling=\"no\"><\/iframe><\/div>\n","protected":false},"excerpt":{"rendered":"<p>Bratislava 23. novembra (TASR) &#8211; Vo veku 79 rokov zomrela v piatok 20. novembra v\u00fdznamn\u00e1 slovensk\u00e1 jazykovedky\u0148a a vysoko\u0161kolsk\u00e1 pedagogi\u010dka Anna R\u00fdzkov\u00e1. Venovala sa v\u00fdskumu zvukovej str\u00e1nky sloven\u010diny, jazykovej kult\u00fare, v\u00fdskumu slovensk\u00fdch n\u00e1re\u010d\u00ed a v\u00fdvinu slovensk\u00e9ho jazyka. P\u00f4sobila na Univerzite Komensk\u00e9ho a na Trnavskej univerzite. Rodina a verejnos\u0165 sa s docentkou R\u00fdzkovou rozl\u00fa\u010dia v utorok &#8230; <a title=\"Zomrela  Anna R\u00fdzkov\u00e1\" class=\"read-more\" href=\"https:\/\/www.e-anjelik.sk\/index.php\/2015\/11\/26\/zomrela-anna-ryzkova\/\" aria-label=\"Pre\u010d\u00edtajte si viac o Zomrela  Anna R\u00fdzkov\u00e1\">\u010c\u00edta\u0165 viac<\/a><\/p>\n","protected":false},"author":2,"featured_media":0,"comment_status":"open","ping_status":"open","sticky":false,"template":"","format":"standard","meta":{"footnotes":""},"categories":[152],"tags":[],"class_list":["post-29457","post","type-post","status-publish","format-standard","hentry","category-prietrz"],"_links":{"self":[{"href":"https:\/\/www.e-anjelik.sk\/index.php\/wp-json\/wp\/v2\/posts\/29457","targetHints":{"allow":["GET"]}}],"collection":[{"href":"https:\/\/www.e-anjelik.sk\/index.php\/wp-json\/wp\/v2\/posts"}],"about":[{"href":"https:\/\/www.e-anjelik.sk\/index.php\/wp-json\/wp\/v2\/types\/post"}],"author":[{"embeddable":true,"href":"https:\/\/www.e-anjelik.sk\/index.php\/wp-json\/wp\/v2\/users\/2"}],"replies":[{"embeddable":true,"href":"https:\/\/www.e-anjelik.sk\/index.php\/wp-json\/wp\/v2\/comments?post=29457"}],"version-history":[{"count":0,"href":"https:\/\/www.e-anjelik.sk\/index.php\/wp-json\/wp\/v2\/posts\/29457\/revisions"}],"wp:attachment":[{"href":"https:\/\/www.e-anjelik.sk\/index.php\/wp-json\/wp\/v2\/media?parent=29457"}],"wp:term":[{"taxonomy":"category","embeddable":true,"href":"https:\/\/www.e-anjelik.sk\/index.php\/wp-json\/wp\/v2\/categories?post=29457"},{"taxonomy":"post_tag","embeddable":true,"href":"https:\/\/www.e-anjelik.sk\/index.php\/wp-json\/wp\/v2\/tags?post=29457"}],"curies":[{"name":"wp","href":"https:\/\/api.w.org\/{rel}","templated":true}]}}