{"id":29469,"date":"2015-11-28T11:00:40","date_gmt":"2015-11-28T09:00:40","guid":{"rendered":"http:\/\/www.evanjelik.sk\/?p=29469"},"modified":"2015-11-28T11:00:40","modified_gmt":"2015-11-28T09:00:40","slug":"posviacka-diakonickeho-centra-v-meste-ufa-rusko","status":"publish","type":"post","link":"https:\/\/www.e-anjelik.sk\/index.php\/2015\/11\/28\/posviacka-diakonickeho-centra-v-meste-ufa-rusko\/","title":{"rendered":"Posviacka diakonick\u00e9ho centra v meste UFA, Rusko"},"content":{"rendered":"<p>Ufa je hlavn\u00e9 mesto Ba\u0161kirskej republiky v Rusku. M\u00e1 1,1 mil. obyvate\u013eov. V roku 1911 bol tu posv\u00e4ten\u00fd evanjelicko-luter\u00e1nsky kostol sv. Katar\u00edny. Sl\u00fa\u017eil a\u017e do roku 1930, kedy ho bo\u013e\u0161evick\u00fd re\u017eim cirkvi odobral a pridelil tepelno -oprav\u00e1rensk\u00e9mu z\u00e1vodu. Ten ho viac razy prestavoval. Sl\u00fa\u017eil a\u017e do roku 2000 \u00a0ako sklad. V tomto roku ho org\u00e1ny republiky prinavr\u00e1tili sp\u00e4\u0165 cirkvi. V tomto roku sa za\u010dal organizova\u0165 aj cirkevn\u00fd zbor. Najsk\u00f4r renovoval chr\u00e1m, potom faru. Vlani za\u010dali stava\u0165 diakonick\u00e9 stredisko. V nede\u013eu 22. novembra 2015 arcibiskup ELKRAS Dietrich Brauer nov\u00e9 dielo posv\u00e4til. Stavba bola postaven\u00e1 za dva roky a investovalo sa do nej 15 mili\u00f3na rub\u013eov (aktu\u00e1lny kurz je 1 euro = 69.99 rub\u013ea). 14,5 mil. \u00a0rub\u013eov poskytol dobro\u010dinn\u00fd fond Ural z mesta a pol mili\u00f3na rub\u013eov MLB z Nemecka. V zbore p\u00f4sob\u00ed pastor Heinrich Minich.<\/p>\n<p>(www. elkras.ru a web cirkevn\u00e9ho zboru Ufa)<\/p>\n<p><img decoding=\"async\" src=\"http:\/\/www.elkras.ru\/UserFiles\/Image\/ufa(7).jpg\" alt=\"\" \/>\u00a0Budova diakonick\u00e9ho centra v Ufe<\/p>\n","protected":false},"excerpt":{"rendered":"<p>Ufa je hlavn\u00e9 mesto Ba\u0161kirskej republiky v Rusku. M\u00e1 1,1 mil. obyvate\u013eov. V roku 1911 bol tu posv\u00e4ten\u00fd evanjelicko-luter\u00e1nsky kostol sv. Katar\u00edny. Sl\u00fa\u017eil a\u017e do roku 1930, kedy ho bo\u013e\u0161evick\u00fd re\u017eim cirkvi odobral a pridelil tepelno -oprav\u00e1rensk\u00e9mu z\u00e1vodu. Ten ho viac razy prestavoval. Sl\u00fa\u017eil a\u017e do roku 2000 \u00a0ako sklad. V tomto roku ho org\u00e1ny &#8230; <a title=\"Posviacka diakonick\u00e9ho centra v meste UFA, Rusko\" class=\"read-more\" href=\"https:\/\/www.e-anjelik.sk\/index.php\/2015\/11\/28\/posviacka-diakonickeho-centra-v-meste-ufa-rusko\/\" aria-label=\"Pre\u010d\u00edtajte si viac o Posviacka diakonick\u00e9ho centra v meste UFA, Rusko\">\u010c\u00edta\u0165 viac<\/a><\/p>\n","protected":false},"author":2,"featured_media":0,"comment_status":"open","ping_status":"open","sticky":false,"template":"","format":"standard","meta":{"footnotes":""},"categories":[5,2,35],"tags":[],"class_list":["post-29469","post","type-post","status-publish","format-standard","hentry","category-diakonia","category-ekumena","category-rusko-a-ine"],"_links":{"self":[{"href":"https:\/\/www.e-anjelik.sk\/index.php\/wp-json\/wp\/v2\/posts\/29469","targetHints":{"allow":["GET"]}}],"collection":[{"href":"https:\/\/www.e-anjelik.sk\/index.php\/wp-json\/wp\/v2\/posts"}],"about":[{"href":"https:\/\/www.e-anjelik.sk\/index.php\/wp-json\/wp\/v2\/types\/post"}],"author":[{"embeddable":true,"href":"https:\/\/www.e-anjelik.sk\/index.php\/wp-json\/wp\/v2\/users\/2"}],"replies":[{"embeddable":true,"href":"https:\/\/www.e-anjelik.sk\/index.php\/wp-json\/wp\/v2\/comments?post=29469"}],"version-history":[{"count":0,"href":"https:\/\/www.e-anjelik.sk\/index.php\/wp-json\/wp\/v2\/posts\/29469\/revisions"}],"wp:attachment":[{"href":"https:\/\/www.e-anjelik.sk\/index.php\/wp-json\/wp\/v2\/media?parent=29469"}],"wp:term":[{"taxonomy":"category","embeddable":true,"href":"https:\/\/www.e-anjelik.sk\/index.php\/wp-json\/wp\/v2\/categories?post=29469"},{"taxonomy":"post_tag","embeddable":true,"href":"https:\/\/www.e-anjelik.sk\/index.php\/wp-json\/wp\/v2\/tags?post=29469"}],"curies":[{"name":"wp","href":"https:\/\/api.w.org\/{rel}","templated":true}]}}