{"id":29475,"date":"2015-11-29T01:11:13","date_gmt":"2015-11-28T23:11:13","guid":{"rendered":"http:\/\/www.evanjelik.sk\/?p=29475"},"modified":"2025-09-12T19:35:01","modified_gmt":"2025-09-12T17:35:01","slug":"od-zaslubenia-k-naplneniu","status":"publish","type":"post","link":"https:\/\/www.e-anjelik.sk\/index.php\/2015\/11\/29\/od-zaslubenia-k-naplneniu\/","title":{"rendered":"Od zas\u013e\u00fabenia k naplneniu"},"content":{"rendered":"\n<p>Adventno-viano\u010dn\u00e9 p\u00e1smo pre \u017eiakov:<\/p>\n\n\n\n<blockquote class=\"wp-block-quote is-layout-flow wp-block-quote-is-layout-flow\">\n<p>Od prad\u00e1vna, Pane mil\u00fd,<\/p>\n\n\n\n<p>po Tebe \u013eudia t\u00fa\u017eili-<\/p>\n\n\n\n<p>Vern\u00ed \u0164a srdcom h\u013eadali,<\/p>\n\n\n\n<p>proroci, kr\u00e1li, \u017eiadali:<\/p>\n\n\n\n<p>Pr\u00eddi, Pane, na zem na\u0161u,<\/p>\n\n\n\n<p>prines pokoj, milos\u0165 sp\u00e1su!<\/p>\n\n\n\n<p>Zaskvej sa, Slnko nebesk\u00e9,<\/p>\n\n\n\n<p>za\u017ee\u0148 mr\u00e1koty pozemsk\u00e9!<\/p>\n<\/blockquote>\n\n\n\n<p>&nbsp;<\/p>\n\n\n\n<p>Tie dlh\u00e9 veky t\u00fa\u017eob a o\u010dak\u00e1vania Spasite\u013ea predstavuje n\u00e1m adventn\u00fd \u010das. Advent je pre n\u00e1s, kres\u0165anov, aj \u010dasom pr\u00edpravy na P\u00e1nov pr\u00edchod na konci vekov.&nbsp;\u0160tyri adventn\u00e9 nedele n\u00e1m predstavuj\u00fa dobu od zas\u013e\u00fabenia k pr\u00edchodu Vykupite\u013ea.<\/p>\n\n\n\n<p>&nbsp;<\/p>\n\n\n\n<p><strong>Prv\u00e1 adventn\u00e1 nede\u013ea<\/strong> sa n\u00e1m prihov\u00e1ra:<\/p>\n\n\n\n<blockquote class=\"wp-block-quote is-layout-flow wp-block-quote-is-layout-flow\">\n<p>3. Raduj sa dc\u00e9ra Sionsk\u00e1<\/p>\n\n\n\n<p>aplesaj du\u0161a kres\u0165ansk\u00e1!<\/p>\n\n\n\n<p>Bl\u00edzke je splnenie v\u0161etk\u00fdch zas\u013e\u00faben\u00ed,<\/p>\n\n\n\n<p>u\u017e sa to\u013ek\u00e1 n\u00e1dej naskuto\u010dnos\u0165 men\u00ed,<\/p>\n\n\n\n<p>u\u017e prorock\u00e9 slovo dnes sa napl\u0148uje,<\/p>\n\n\n\n<p>lebo P\u00e1n do Jeruzalea vstupuje.<\/p>\n\n\n\n<p>&nbsp;<\/p>\n\n\n\n<p>Ide, jak zas\u013e\u00fail prorok Izai\u00e1\u0161,<\/p>\n\n\n\n<p>tich\u00fd a pokorn\u00fd, P\u00e1n p\u00e1nov a Kr\u00e1\u013e n\u00e1\u0161.<\/p>\n\n\n\n<p>Z\u00e1stupy Ho sl\u00e1vne, radostne v\u00edtaj\u00fa,<\/p>\n\n\n\n<p>zdravia Ho, jak Kr\u00e1\u013ea, r\u00facha prestieraj\u00fa.<\/p>\n\n\n\n<p>Preto aj my v srdci, tich\u00fa rados\u0165 m\u00e1me,<\/p>\n\n\n\n<p>ke\u010f na P\u00e1na Krista, vo viere \u010dak\u00e1me.<\/p>\n\n\n\n<p>Plesaj\u00fac v \u00fastrety, takto mu vol\u00e1me:<\/p>\n\n\n\n<p>V\u0161etci:<\/p>\n\n\n\n<p>Hosana Synovi D\u00e1vidovmu!<\/p>\n\n\n\n<p>Po\u017eehnan\u00fd, ktor\u00fd prich\u00e1dza v mene P\u00e1novom!<\/p>\n\n\n\n<p>Hosana na v\u00fdsostiach!<\/p>\n<\/blockquote>\n\n\n\n<p>&nbsp;<\/p>\n\n\n\n<p>4. <strong>Druh\u00e1 adventn\u00e1 nede\u013ea<\/strong> hovor\u00ed:<\/p>\n\n\n\n<blockquote class=\"wp-block-quote is-layout-flow wp-block-quote-is-layout-flow\">\n<p>Vianoce s rados\u0165ou, kde &#8211; kto u\u017e spom\u00edna,<\/p>\n\n\n\n<p>Jeho pr\u00edchod n\u00e1s v\u0161ak na to upom\u00edna:<\/p>\n\n\n\n<p>\u017de P\u00e1n pri\u0161iel v tele a pr\u00edde k s\u00fadu iste &#8211;<\/p>\n\n\n\n<p>a \u010do bude potom hrie\u0161nym \u00fato\u010di\u0161te?!<\/p>\n\n\n\n<p>&nbsp;<\/p>\n\n\n\n<p>Jak po zime jar sa bl\u00ed\u017ei, potom leto,<\/p>\n\n\n\n<p>tak sa bl\u00ed\u017ei ten \u010das, ve\u013emi bl\u00edzko je to&#8230;<\/p>\n\n\n\n<p>Le\u017ekto na to mysl\u00ed? Kto sa na to chyst\u00e1?<\/p>\n\n\n\n<p>Kto mysl\u00ed na pr\u00edchod k s\u00fadu P\u00e1na Krista?<\/p>\n\n\n\n<p>&nbsp;<\/p>\n\n\n\n<p>Svet o veci \u010dasn\u00e9, o sl\u00e1vu bojuje,<\/p>\n\n\n\n<p>znak konca nevid\u00ed, Slovo nepo\u010duje)<\/p>\n\n\n\n<p>Preto v\u00e1s ja e\u0161te v\u00e1\u017ene napom\u00ednam,<\/p>\n\n\n\n<p>\u010do je nap\u00edsan\u00e9 v P\u00edsme, pripom\u00ednam:<\/p>\n\n\n\n<p>&nbsp;<\/p>\n\n\n\n<p>Bu\u010fte na modlitb\u00e1ch bdel\u00ed &#8211;<\/p>\n\n\n\n<p>v dobr\u00fdch skutkoch Bohu mil\u00ed,<\/p>\n\n\n\n<p>by ste pred N\u00edm<\/p>\n\n\n\n<p>v ten de\u0148<\/p>\n\n\n\n<p>pokojne zastali, \u00fadel Jeho vern\u00fdch<\/p>\n\n\n\n<p>z milosti prijali.<\/p>\n<\/blockquote>\n\n\n\n<p>&nbsp;<\/p>\n\n\n\n<blockquote class=\"wp-block-quote is-layout-flow wp-block-quote-is-layout-flow\">\n<p>5. Pri\u0161la som k v\u00e1m <strong>tretia adventn\u00e1 nede\u013ea<\/strong>,<\/p>\n\n\n\n<p>Predstavujem v\u00e1m dnes J\u00e1na Krstite\u013ea.<\/p>\n\n\n\n<p>Nebol on trstinou, \u010do vietor kol\u00ed\u0161e,<\/p>\n\n\n\n<p>mal P\u00e1na jedn\u00e9ho &#8211; toho z nebies v\u00fd\u0161e.<\/p>\n\n\n\n<p>&nbsp;<\/p>\n\n\n\n<p>Preto pevn\u00fd v pravde a v prorockom slove,<\/p>\n\n\n\n<p>pripravoval cestu k s\u0155dc \u013eudsk\u00fdchobnove.<\/p>\n\n\n\n<p>Ku pok\u00e1niu volal v\u0161etk\u00fdch- ba aj kr\u00e1\u013ea<\/p>\n\n\n\n<p>a krajina k nemu na krst prich\u00e1dzala.<\/p>\n<\/blockquote>\n\n\n\n<p>&nbsp;<\/p>\n\n\n\n<blockquote class=\"wp-block-quote is-layout-flow wp-block-quote-is-layout-flow\">\n<p>6. <strong>\u0160tvrt\u00e1 adventn\u00e1 nede\u013ea<\/strong> hovor\u00ed:<\/p>\n\n\n\n<p>\u017ee P\u00e1n je u\u017e bl\u00edzko dver\u00ed.<\/p>\n\n\n\n<p>U\u017e n\u00e1m svetlo \u017eiari- pavdy &nbsp;amilosti<\/p>\n\n\n\n<p>na Bo\u017eom olt\u00e1ri.<\/p>\n\n\n\n<p>&nbsp;<\/p>\n\n\n\n<p>U\u017e n\u00e1m d\u00e1va pozna\u0165 Otca -Stvorite\u013ea,<\/p>\n\n\n\n<p>aby ka\u017ed\u00e1 du\u0161a jasne to videla.<\/p>\n\n\n\n<p>Nau\u010dil nas pozna\u0165 Boha prav\u00e9ho,<\/p>\n\n\n\n<p>aby sme nemali krom Neho in\u00e9ho.<\/p>\n\n\n\n<p>&nbsp;<\/p>\n\n\n\n<p>U\u017e sa Je\u017ei\u0161 &#8211; \u017een\u00edch<\/p>\n\n\n\n<p>k &nbsp;neveste cirkvi, pribl\u00ed\u017eil,<\/p>\n\n\n\n<p>u\u017e sa P\u00e1n Boh z nebies<\/p>\n\n\n\n<p>k n\u00e1m na zemi zn\u00ed\u017eil.<\/p>\n\n\n\n<p>&nbsp;<\/p>\n<\/blockquote>\n\n\n\n<p>&#8222;Ver\u00edme pevne, \u017ee pri\u0161iel\/ Ten od Teba poslan\u00fd,\/<\/p>\n\n\n\n<p>pr\u00eds\u0165 mal pod\u013ea sv\u00e4t\u00fdch P\u00edsem,\/ On, Duchom pomazan\u00fd.\/<\/p>\n\n\n\n<p>U\u017e ne\u010dakajme in\u00e9ho, \/ Je\u017ei\u0161 &#8211; Darca spasenia,\/<\/p>\n\n\n\n<p>za N\u00edm d\u00f4jdme ve\u010dn\u00e9ho\/ v nebesiach osl\u00e1venia. &nbsp;(Kr\u00e9do \u010c. 3, 4 v.)<\/p>\n\n\n\n<p>(Venujem ako spomienku niekdaj\u0161\u00edm konfirmandom a predn\u00e1\u0161ate\u013eom v Soboti\u0161ti: Monike P\u00edpovej, Andrey Chod\u00farovej, Radke Havlovej, Janke Hudecovej, \u00a0Miroslavovi Kadle\u010d\u00edkovi, Miroslavovi Kadl\u00ed\u010dkovi, Jozefovi Junasovi, Lucii Zelenkovej).<\/p>\n\n\n\n<p>&nbsp;<\/p>\n\n\n\n<p>&nbsp;<\/p>\n","protected":false},"excerpt":{"rendered":"<p>Adventno-viano\u010dn\u00e9 p\u00e1smo pre \u017eiakov: Od prad\u00e1vna, Pane mil\u00fd, po Tebe \u013eudia t\u00fa\u017eili- Vern\u00ed \u0164a srdcom h\u013eadali, proroci, kr\u00e1li, \u017eiadali: Pr\u00eddi, Pane, na zem na\u0161u, prines pokoj, milos\u0165 sp\u00e1su! Zaskvej sa, Slnko nebesk\u00e9, za\u017ee\u0148 mr\u00e1koty pozemsk\u00e9! &nbsp; Tie dlh\u00e9 veky t\u00fa\u017eob a o\u010dak\u00e1vania Spasite\u013ea predstavuje n\u00e1m adventn\u00fd \u010das. Advent je pre n\u00e1s, kres\u0165anov, aj \u010dasom pr\u00edpravy &#8230; <a title=\"Od zas\u013e\u00fabenia k naplneniu\" class=\"read-more\" href=\"https:\/\/www.e-anjelik.sk\/index.php\/2015\/11\/29\/od-zaslubenia-k-naplneniu\/\" aria-label=\"Pre\u010d\u00edtajte si viac o Od zas\u013e\u00fabenia k naplneniu\">\u010c\u00edta\u0165 viac<\/a><\/p>\n","protected":false},"author":4,"featured_media":0,"comment_status":"open","ping_status":"open","sticky":false,"template":"","format":"standard","meta":{"footnotes":""},"categories":[179,1,180,95,159],"tags":[],"class_list":["post-29475","post","type-post","status-publish","format-standard","hentry","category-advent","category-adventna-modlitba","category-advent-basne","category-sobotiste","category-vianoce"],"_links":{"self":[{"href":"https:\/\/www.e-anjelik.sk\/index.php\/wp-json\/wp\/v2\/posts\/29475","targetHints":{"allow":["GET"]}}],"collection":[{"href":"https:\/\/www.e-anjelik.sk\/index.php\/wp-json\/wp\/v2\/posts"}],"about":[{"href":"https:\/\/www.e-anjelik.sk\/index.php\/wp-json\/wp\/v2\/types\/post"}],"author":[{"embeddable":true,"href":"https:\/\/www.e-anjelik.sk\/index.php\/wp-json\/wp\/v2\/users\/4"}],"replies":[{"embeddable":true,"href":"https:\/\/www.e-anjelik.sk\/index.php\/wp-json\/wp\/v2\/comments?post=29475"}],"version-history":[{"count":2,"href":"https:\/\/www.e-anjelik.sk\/index.php\/wp-json\/wp\/v2\/posts\/29475\/revisions"}],"predecessor-version":[{"id":38465,"href":"https:\/\/www.e-anjelik.sk\/index.php\/wp-json\/wp\/v2\/posts\/29475\/revisions\/38465"}],"wp:attachment":[{"href":"https:\/\/www.e-anjelik.sk\/index.php\/wp-json\/wp\/v2\/media?parent=29475"}],"wp:term":[{"taxonomy":"category","embeddable":true,"href":"https:\/\/www.e-anjelik.sk\/index.php\/wp-json\/wp\/v2\/categories?post=29475"},{"taxonomy":"post_tag","embeddable":true,"href":"https:\/\/www.e-anjelik.sk\/index.php\/wp-json\/wp\/v2\/tags?post=29475"}],"curies":[{"name":"wp","href":"https:\/\/api.w.org\/{rel}","templated":true}]}}