{"id":29478,"date":"2015-11-30T05:05:49","date_gmt":"2015-11-30T03:05:49","guid":{"rendered":"http:\/\/www.evanjelik.sk\/?p=29478"},"modified":"2015-11-30T05:05:49","modified_gmt":"2015-11-30T03:05:49","slug":"konzultacia-o-dalsom-vzdelavani-protestantskych-fararov-v-europe","status":"publish","type":"post","link":"https:\/\/www.e-anjelik.sk\/index.php\/2015\/11\/30\/konzultacia-o-dalsom-vzdelavani-protestantskych-fararov-v-europe\/","title":{"rendered":"Konzult\u00e1cia o \u010fal\u0161om vzdel\u00e1van\u00ed protestantsk\u00fdch far\u00e1rov v Eur\u00f3pe"},"content":{"rendered":"<p>V d\u0148och 12.- 15. novembra 2015 sa v \u0160trasburgu konala konzult\u00e1cia o \u010fal\u0161om vzdel\u00e1van\u00ed far\u00e1rov v protestantsk\u00fdch cirkv\u00e1ch Eur\u00f3py. Zorganizovalo ju GEKE &#8211; Gemeinschaft\u00a0 evangelischer Kirchen in \u00a0Europa &#8211; Spolo\u010denstvo evanjelick\u00fdch cirkv\u00ed v Eur\u00f3pe. Pr\u00edtomn\u00ed rozobrali teraj\u0161iu situ\u00e1ciu\u00a0 a skon\u0161tatovali, \u017ee v ka\u017edej cirkvi prebieha pod\u013ea jej podmienok tak\u00e9to vzdel\u00e1vanie po ordin\u00e1cii. Vzdel\u00e1vanie sa rob\u00ed na z\u00e1klade v\u00fdzvy ka\u017edodenn\u00e9ho \u017eivota a realizuje sa najm\u00e4\u00a0v t\u00fdchto okruhoch: n\u00e1bo\u017eensk\u00e1 pedagogika, pastoriz\u00e1cia, etika a vedenie organiz\u00e1cie.\u00a0 Pr\u00edtomn\u00ed nezabudli v r\u00e1mci v\u0161eobecn\u00e9ho k\u0148azstva ani na potrebu vzdel\u00e1vania in\u00fdch pracovn\u00edkov cirkvi, t .j. neordinovan\u00fdch. Podporili medzin\u00e1rodn\u00fa v\u00fdmenu sk\u00fasenost\u00ed a za t\u00fdm \u00fa\u010delom by bolo potrebn\u00e9 vyu\u017e\u00edva\u0165 letn\u00e9 univerzity. Na konferencii sa z\u00fa\u010dastnilo 42 deleg\u00e1tov z 13 kraj\u00edn. Deleg\u00e1ti\u00a0 v r\u00e1mci programu nav\u0161t\u00edvili s\u00eddlo Rady Eur\u00f3py a viedli rozhovor s J\u00faliou Perevou, ved\u00facou oddelenia &#8220; Demokratick\u00e9 \u0161t\u00e1tne\u00a0ob\u010dianstvo a v\u00fdchova \u013eudsk\u00fdch pr\u00e1v.&#8220; Na z\u00e1ver sa v b\u00fdvalom Kalv\u00ednovom cirkevnom zbore v \u0160trasburgu konali reformovan\u00e9 bohoslu\u017eby.<\/p>\n<p>(www.evangelikus.hu)<\/p>\n","protected":false},"excerpt":{"rendered":"<p>V d\u0148och 12.- 15. novembra 2015 sa v \u0160trasburgu konala konzult\u00e1cia o \u010fal\u0161om vzdel\u00e1van\u00ed far\u00e1rov v protestantsk\u00fdch cirkv\u00e1ch Eur\u00f3py. Zorganizovalo ju GEKE &#8211; Gemeinschaft\u00a0 evangelischer Kirchen in \u00a0Europa &#8211; Spolo\u010denstvo evanjelick\u00fdch cirkv\u00ed v Eur\u00f3pe. Pr\u00edtomn\u00ed rozobrali teraj\u0161iu situ\u00e1ciu\u00a0 a skon\u0161tatovali, \u017ee v ka\u017edej cirkvi prebieha pod\u013ea jej podmienok tak\u00e9to vzdel\u00e1vanie po ordin\u00e1cii. Vzdel\u00e1vanie sa rob\u00ed &#8230; <a title=\"Konzult\u00e1cia o \u010fal\u0161om vzdel\u00e1van\u00ed protestantsk\u00fdch far\u00e1rov v Eur\u00f3pe\" class=\"read-more\" href=\"https:\/\/www.e-anjelik.sk\/index.php\/2015\/11\/30\/konzultacia-o-dalsom-vzdelavani-protestantskych-fararov-v-europe\/\" aria-label=\"Pre\u010d\u00edtajte si viac o Konzult\u00e1cia o \u010fal\u0161om vzdel\u00e1van\u00ed protestantsk\u00fdch far\u00e1rov v Eur\u00f3pe\">\u010c\u00edta\u0165 viac<\/a><\/p>\n","protected":false},"author":2,"featured_media":0,"comment_status":"open","ping_status":"open","sticky":false,"template":"","format":"standard","meta":{"footnotes":""},"categories":[2,9],"tags":[],"class_list":["post-29478","post","type-post","status-publish","format-standard","hentry","category-ekumena","category-europa"],"_links":{"self":[{"href":"https:\/\/www.e-anjelik.sk\/index.php\/wp-json\/wp\/v2\/posts\/29478","targetHints":{"allow":["GET"]}}],"collection":[{"href":"https:\/\/www.e-anjelik.sk\/index.php\/wp-json\/wp\/v2\/posts"}],"about":[{"href":"https:\/\/www.e-anjelik.sk\/index.php\/wp-json\/wp\/v2\/types\/post"}],"author":[{"embeddable":true,"href":"https:\/\/www.e-anjelik.sk\/index.php\/wp-json\/wp\/v2\/users\/2"}],"replies":[{"embeddable":true,"href":"https:\/\/www.e-anjelik.sk\/index.php\/wp-json\/wp\/v2\/comments?post=29478"}],"version-history":[{"count":0,"href":"https:\/\/www.e-anjelik.sk\/index.php\/wp-json\/wp\/v2\/posts\/29478\/revisions"}],"wp:attachment":[{"href":"https:\/\/www.e-anjelik.sk\/index.php\/wp-json\/wp\/v2\/media?parent=29478"}],"wp:term":[{"taxonomy":"category","embeddable":true,"href":"https:\/\/www.e-anjelik.sk\/index.php\/wp-json\/wp\/v2\/categories?post=29478"},{"taxonomy":"post_tag","embeddable":true,"href":"https:\/\/www.e-anjelik.sk\/index.php\/wp-json\/wp\/v2\/tags?post=29478"}],"curies":[{"name":"wp","href":"https:\/\/api.w.org\/{rel}","templated":true}]}}