{"id":2949,"date":"2010-07-22T09:12:58","date_gmt":"2010-07-22T09:12:58","guid":{"rendered":"http:\/\/e-anjelik.sk\/?p=2949"},"modified":"2010-07-22T09:12:58","modified_gmt":"2010-07-22T09:12:58","slug":"11-vz-slz-v-stuttgarte-sa-zacalo","status":"publish","type":"post","link":"https:\/\/www.e-anjelik.sk\/index.php\/2010\/07\/22\/11-vz-slz-v-stuttgarte-sa-zacalo\/","title":{"rendered":"11. VZ SLZ v \u0160tuttgarte sa za\u010dalo"},"content":{"rendered":"<p>V&nbsp;nemeckom &Scaron;tuttgarte sa 20. j&uacute;la t.r. za\u010dalo 11. Valn&eacute; zhroma\u017edenie Svetov&eacute;ho luter&aacute;nskeho zv&auml;zu. Potrv&aacute; do 27. j&uacute;la. Hlavnou t&eacute;mou je &quot;Chlieb n&aacute;&scaron; ka\u017edodenn&yacute; daj n&aacute;m dnes!&quot;. Na zasadnut&iacute; je pr&iacute;tomn&yacute;ch 418 deleg&aacute;tov zo 145 \u010dlensk&yacute;ch cirkv&iacute; v 79 krajin&aacute;ch, z toho 50% \u017eien a 20% mlad&yacute;ch. Celkovo je pr&iacute;tomn&yacute;ch okolo 1000 os&ocirc;b, okrem deleg&aacute;tov s&uacute; tam hostia, poradcovia,pracovn&iacute;ci a z&aacute;ujemci.&nbsp;&nbsp;ECAV na Slovensku zastupuj&uacute; &scaron;tyria deleg&aacute;ti. Z&aacute;znam z otv&aacute;rac&iacute;ch slu\u017eieb Bo\u017e&iacute;ch v Stiftskirche odvysiela v nede\u013eu 25. j&uacute;la Dvojka o 8.50 hodine. Podrobn&eacute; inform&aacute;cie o VZ i spr&aacute;vy z ka\u017ed&eacute;ho d\u0148a ,dokonca i \u017eiv&eacute; vysielanie, m&ocirc;\u017ete sledova\u0165 v angli\u010dtine, nem\u010dine, &scaron;paniel\u010dine alebo franc&uacute;z&scaron;tine na<\/p>\n<p>(<a href=\"http:\/\/www.lwf-assembly.org\">www.lwf-assembly.org<\/a>)<\/p>\n","protected":false},"excerpt":{"rendered":"<p>V&nbsp;nemeckom &Scaron;tuttgarte sa 20. j&uacute;la t.r. za\u010dalo 11. Valn&eacute; zhroma\u017edenie Svetov&eacute;ho luter&aacute;nskeho zv&auml;zu. Potrv&aacute; do 27. j&uacute;la. Hlavnou t&eacute;mou je &quot;Chlieb n&aacute;&scaron; ka\u017edodenn&yacute; daj n&aacute;m dnes!&quot;. Na zasadnut&iacute; je pr&iacute;tomn&yacute;ch 418 deleg&aacute;tov zo 145 \u010dlensk&yacute;ch cirkv&iacute; v 79 krajin&aacute;ch, z toho 50% \u017eien a 20% mlad&yacute;ch. Celkovo je pr&iacute;tomn&yacute;ch okolo 1000 os&ocirc;b, okrem deleg&aacute;tov s&uacute; &#8230; <a title=\"11. VZ SLZ v \u0160tuttgarte sa za\u010dalo\" class=\"read-more\" href=\"https:\/\/www.e-anjelik.sk\/index.php\/2010\/07\/22\/11-vz-slz-v-stuttgarte-sa-zacalo\/\" aria-label=\"Pre\u010d\u00edtajte si viac o 11. VZ SLZ v \u0160tuttgarte sa za\u010dalo\">\u010c\u00edta\u0165 viac<\/a><\/p>\n","protected":false},"author":22,"featured_media":0,"comment_status":"open","ping_status":"open","sticky":false,"template":"","format":"standard","meta":{"footnotes":""},"categories":[10],"tags":[],"class_list":["post-2949","post","type-post","status-publish","format-standard","hentry","category-zo-sveta"],"_links":{"self":[{"href":"https:\/\/www.e-anjelik.sk\/index.php\/wp-json\/wp\/v2\/posts\/2949","targetHints":{"allow":["GET"]}}],"collection":[{"href":"https:\/\/www.e-anjelik.sk\/index.php\/wp-json\/wp\/v2\/posts"}],"about":[{"href":"https:\/\/www.e-anjelik.sk\/index.php\/wp-json\/wp\/v2\/types\/post"}],"author":[{"embeddable":true,"href":"https:\/\/www.e-anjelik.sk\/index.php\/wp-json\/wp\/v2\/users\/22"}],"replies":[{"embeddable":true,"href":"https:\/\/www.e-anjelik.sk\/index.php\/wp-json\/wp\/v2\/comments?post=2949"}],"version-history":[{"count":0,"href":"https:\/\/www.e-anjelik.sk\/index.php\/wp-json\/wp\/v2\/posts\/2949\/revisions"}],"wp:attachment":[{"href":"https:\/\/www.e-anjelik.sk\/index.php\/wp-json\/wp\/v2\/media?parent=2949"}],"wp:term":[{"taxonomy":"category","embeddable":true,"href":"https:\/\/www.e-anjelik.sk\/index.php\/wp-json\/wp\/v2\/categories?post=2949"},{"taxonomy":"post_tag","embeddable":true,"href":"https:\/\/www.e-anjelik.sk\/index.php\/wp-json\/wp\/v2\/tags?post=2949"}],"curies":[{"name":"wp","href":"https:\/\/api.w.org\/{rel}","templated":true}]}}