{"id":29551,"date":"2015-12-06T23:20:39","date_gmt":"2015-12-06T21:20:39","guid":{"rendered":"http:\/\/www.evanjelik.sk\/?p=29551"},"modified":"2025-09-12T19:22:12","modified_gmt":"2025-09-12T17:22:12","slug":"kostnicka-iskricka-6","status":"publish","type":"post","link":"https:\/\/www.e-anjelik.sk\/index.php\/2015\/12\/06\/kostnicka-iskricka-6\/","title":{"rendered":"Kostnick\u00e1 iskri\u010dka &#8211; 6"},"content":{"rendered":"\n<p>Kostnick\u00e1 iskri\u010dka &#8211; 6:&nbsp; <i>Uhorsko &#8211; slovensk\u00e1 misia v Kostnici<\/i><\/p>\n\n\n\n<p>Historici sa zhoduj\u00fa v tom, \u017ee kostnick\u00fd koncil mal ve\u013emi reprezenta\u010dn\u00e9 zast\u00fapenie. Medzi po\u010detn\u00fdmi deleg\u00e1ciami n\u00e1rodov Eur\u00f3py sa ur\u010dite nestratila ani deleg\u00e1cia z Uhorska. U\u017e preto, lebo ju viedol s\u00e1m uhorsk\u00fd a r\u00edmsky kr\u00e1\u013e \u017digmund so svojou rodinou, s najv\u00fdznamnej\u0161\u00edmi prel\u00e1tmi a stovkami \u0161\u013eachticov s ich rytiermi a slu\u017eobn\u00edctvom. Spolu to bolo okolo 1000 os\u00f4b. O priebehu koncilu v Kostnici sa mo\u017eno dozvedie\u0165 ve\u013ea podrobnost\u00ed nielen z ofici\u00e1lnych dokumentov. Pozoruhodn\u00e9 svedectvo o \u0148om a jeho \u00fa\u010dastn\u00edkoch pod\u00e1va aj kostnick\u00fd me\u0161\u0165an <i>Ulrich Richental\u00a0 <\/i>vo svojom diele<i> Kostnick\u00e1 kronika. <\/i>Stala sa zn\u00e1ma aj v\u010faka bohat\u00fdm dobov\u00fdm ilustr\u00e1ci\u00e1m.<\/p>\n\n\n\n<p>Zo zachovan\u00e9ho zoznamu \u00fa\u010dastn\u00edkov z Uhorska spome\u0148me aspo\u0148 ostrihomsk\u00e9ho arcibiskupa a s\u00fa\u010dasne r\u00ed\u0161skeho\u00a0kancel\u00e1ra <i>J\u00e1na z Kani\u017ee<\/i>, vicekancel\u00e1ra <i>J\u00e1na Ujv\u00e1rosiho<\/i> a <i>palat\u00edna Mikul\u00e1\u0161a z Gorian<\/i>. Bol tam aj v\u00fdznamn\u00fd \u0161\u013eachtic <i>J\u00e1n z Per\u00edna (de Peren),<\/i> <i>Peter \u010cech z Lev\u00edc a \u0160aroviec, <\/i>ve\u013emo\u017e po\u013esk\u00e9ho p\u00f4vodu: <i>\u013dudov\u00edt z Brzegu,<\/i> ktor\u00fd pr\u00e1ve v \u010dase konania koncilu z\u00edskal od kr\u00e1\u013ea cel\u00fa Tren\u010diansku \u017eupu a <i>Stibor, syna Stibora zo Stibor\u00edc a Beckova<\/i>.<\/p>\n\n\n\n<p>\u017digmund pri\u0161iel do Kostnice po svojej korunov\u00e1cii v Achene, lo\u010fou po R\u00fdne, presne na \u0160tedr\u00fd ve\u010der okolo polnoci. P\u00e1pe\u017e po\u010dkal s om\u0161ou, k\u00fdm sa premrznut\u00ed hostia zohrej\u00fa a ob\u010derstvia malv\u00e1ziou. Malv\u00e1zia bolo sladk\u00e9 v\u00edno z talianskych odr\u00f4d vini\u010da. Uhorsk\u00e1 misia sa za\u010dala impozantne, \u00fa\u010das\u0165ou na sl\u00e1vnostnej om\u0161i, na ktorej kr\u00e1\u013e v r\u00fachu diakona \u010d\u00edtal viano\u010dn\u00e9 evanjelium: <i>V t\u00fdch d\u0148och vy\u0161iel rozkaz od cis\u00e1ra Augusta\u2026\u201d (Lk 2, 1-14)<\/i>. Po om\u0161i bol zo strany \u010desk\u00fdch p\u00e1nov informovan\u00fd o tom, \u017ee napriek jeho glejtu bol J\u00e1n Hus uv\u00e4znen\u00fd v tmavej kobke domik\u00e1nskeho kl\u00e1\u0161tora. \u017digmund urobil iba to, \u017ee J.Husa dal premiestni\u0165 do vzdu\u0161nej\u0161ej cely, kde mohol prij\u00edma\u0165 n\u00e1v\u0161tevy a dal pr\u00eds\u013eub, \u017ee bude na synode verejne vypo\u010dut\u00fd. T\u00fdm boli pozit\u00edvne \u017digmundove kroky v prospech Husa vy\u010derpan\u00e9. Je pozoruhodn\u00e9, \u017ee za nedodr\u017eanie slova kr\u00e1\u013ea kritizoval aj sl\u00e1vny po\u013esk\u00fd rytier v jeho slu\u017eb\u00e1ch <i>Z\u00e1vi\u0161 \u010cierny.<\/i><\/p>\n\n\n\n<p>Svedectv\u00e1 <i>Ulricha Richentala <\/i>v jeho kronike s\u00fa pre <strong>n\u00e1s Slov\u00e1kov<\/strong> obzvl\u00e1\u0161\u0165 d\u00f4le\u017eit\u00e9. Nie preto, \u017ee v hodnosti mar\u0161alka mal na starosti z\u00e1sobovanie \u00fa\u010dastn\u00edkov, ktor\u00e9 podrobne opisuje. Okrem in\u00e9ho mal pr\u00edkaz dom od domu spisova\u0165 pr\u00edtomn\u00e9 neviestky, ktor\u00fdch napo\u010d\u00edtal 718.<\/p>\n\n\n\n<p>Richental o spom\u00ednanom <i>Petrovi \u010cechovi zo \u0160aroviec,<\/i>\u00a0(<i>Stechpeter von Shora)<\/i> uv\u00e1dza, \u017ee<i> je <\/i><b><i>zo Slovenska\u00a0<\/i> (usser Windenland),\u00a0<\/b>je p\u00e1nom <i>Toppelscheinu (Topol\u010dian)<\/i><b> \u201cv slovensk\u00fdch krajoch <\/b><i>(in Windischen landen ).\u00a0<\/i><b><i>Aj Stibora<\/i><\/b><i> <\/i>nieko\u013ekokr\u00e1t spom\u00edna ako <i>\u201cp\u00e1na v <\/i><b><i>slovensk\u00fdch krajoch<\/i><\/b><i> (in Windischen landen) medzi Moravou a Po\u013eskom pri rieke, ktor\u00fa volaj\u00fa V\u00e1h\u201c a na tej rieke m\u00e1 p\u00e4\u0165 miest: Tren\u010d\u00edn, Beckov, Uhersk\u00fd Brod, Hol\u00ed\u010d so Skalicou a Hlohovec\u201d. (<\/i>Tu sa dopustil mal\u00fdch nepresnost\u00ed). V\u00fdznamn\u00e1 je aj \u010fal\u0161ia zmienka o Slovensku, v s\u00favise s diec\u00e9zou ostrihomsk\u00e9ho arcibiskupa, o ktorej uv\u00e1dza, \u017ee le\u017e\u00ed <b>v slovensk\u00fdch krajoch (in Windischen landen).<\/b> Napokon kostnick\u00fd kronik\u00e1r <i>\u201cslovensk\u00e9 kraje\u201c<\/i> spom\u00edna e\u0161te na jednom mieste, pri opise \u017digmundovej cesty z Kostnice:<i> \u201ckr\u00e1\u013e z Nemecka odi\u0161iel do \u010ciech, na Moravu a odtia\u013e <\/i><b><i>na Slovensko (in Windenland)<\/i><\/b><i>, do Bratislavy a Vratislavy.\u201d <\/i>Tak popri pomenovan\u00ed samotn\u00e9ho <i>Uhorska (Ungerland) <\/i>uv\u00e1dza a<b>j pomenovanie Slovensko (Windenland)<\/b> <b>ako prv\u00fa a najstar\u0161iu zmienku o Slovensku! <\/b>(P. Dvo\u0159\u00e1k, D. Dvo\u0159\u00e1kov\u00e1)<\/p>\n\n\n\n<p>Samotn\u00fa reprezent\u00e1ciu Uhrov hodnot\u00ed Richentl nelichotivo. P\u00ed\u0161e, \u017ee Uhri sa pre svoju nepokojn\u00fa povahu nemohli zdr\u017eiava\u0165 v meste <i>\u201clebo v\u0161ade zaobch\u00e1dzali s \u013eu\u010fmi hrubo a mysleli si, \u017ee sa tu m\u00f4\u017eu spr\u00e1va\u0165 ako vo svojej krajine\u201d<\/i>. Preto ich z mesta vyhnali do Petershausenu. Ani tu si nepo\u010d\u00ednali inak. R\u00fabali drevo v lesoch op\u00e1ta a neplatili. Obyvatelia ich v\u0161ak dok\u00e1zali spacifikova\u0165. Richental pozval kr\u00e1\u013ea a jeho sprievod ako hos\u0165ov na svoj majetok. Hostia si pouv\u00e4zovali kone o ovocn\u00e9 stromy. Zrejme a\u017e v tomto kraji, zn\u00e1mom nielen v\u00ednom, ale aj kvalitn\u00fdmi destil\u00e1tmi, spoznali hodnotu ovocn\u00fdch drev\u00edn. \u017digmund im prik\u00e1zal, aby si ich uviazali o mlad\u00e9 v\u0155by. Ale kritika sa u\u0161la aj kr\u00e1\u013eovi za to, \u017ee od obdarovan\u00fdch p\u00e1nov prij\u00edmal ako odmenu aj ovce, kurence, p\u00e1vy, vajcia, vosk a in\u00e9 drobnosti. Nu\u017e, \u017digmund mal v\u017edy hlboko do vrecka. Nesk\u00f4r dal do z\u00e1lohu Poliakom aj 16 spi\u0161sk\u00fdch miest, ktor\u00e9 boli vyplaten\u00e9 a\u017e po 350 rokoch.<\/p>\n\n\n\n<p>Odchod \u017digmunda z Kostnice s jeho sprievodom bol pre neho typick\u00fd. \u00da\u010dastn\u00edci boli povinn\u00ed uhradi\u0165 me\u0161\u0165anom v\u0161etky svoje trovy. Kr\u00e1\u013e a jeho dvorania tak neurobili. Uk\u00e1zalo sa, \u017ee u hostinsk\u00fdch narobili ve\u013ea dl\u017e\u00f4b. Kr\u00e1\u013e mestsk\u00fa radu presved\u010dil, \u017ee on dlhy vyrovn\u00e1 a dal mestu do z\u00e1lohu r\u00f4zne strieborn\u00e9 a zlat\u00e9 pr\u00edbory a drah\u00e9 l\u00e1tky, ktor\u00e9 vraj maj\u00fa v\u00e4\u010d\u0161iu hodnotu ako dlh. Richental p\u00ed\u0161e, \u017ee mesto obalamutil. \u017digmund ich nikdy nevyk\u00fapil a preda\u0165 sa nedali, lebo boli na nich kr\u00e1\u013eovsk\u00e9 znaky a nikto ich nechcel k\u00fapi\u0165.<\/p>\n\n\n\n<p>Po Lutherovej reform\u00e1cii boli v\u0161etky veci sp\u00edsan\u00e9 a ich hodnota bola odhadnut\u00e1 na 20 000 zlat\u00fdch. Suma, ktor\u00fa \u017digmund dlhoval dosiahla\u00a021 500 zlat\u00fdch! To e\u0161te nebolo v\u0161etko. Kr\u00e1\u013eov sprievod sa na spiato\u010dnej ceste zastavil na odpo\u010dinok v Ulme, kde sa zdr\u017eal \u0161es\u0165 t\u00fd\u017ed\u0148ov a tu narobil nov\u00e9 dlhy. Tu sa u\u017e uhorskej deleg\u00e1cii tak nedarilo. Ke\u010f\u017ee me\u0161\u0165ania d\u00f4razne \u017eiadali vyrovnanie dlhov, museli niektor\u00ed preda\u0165 aj kone a brnenia, aby ich prepustili. Obyvate\u013eov Kostnice odmenil v\u0161ak s\u00e1m novozvolen\u00fd p\u00e1pe\u017e Martin V. Dostali sedemro\u010dn\u00e9 odpustky smrte\u013en\u00fdch hriechov a siedmych kar\u00e9n. Na reformu cirkvi v\u0161ak nedo\u0161lo.\u00a0(\u013euba)<\/p>\n\n\n\n<p><i>&nbsp; &nbsp; &nbsp;<\/i><\/p>\n","protected":false},"excerpt":{"rendered":"<p>Kostnick\u00e1 iskri\u010dka &#8211; 6:&nbsp; Uhorsko &#8211; slovensk\u00e1 misia v Kostnici Historici sa zhoduj\u00fa v tom, \u017ee kostnick\u00fd koncil mal ve\u013emi reprezenta\u010dn\u00e9 zast\u00fapenie. Medzi po\u010detn\u00fdmi deleg\u00e1ciami n\u00e1rodov Eur\u00f3py sa ur\u010dite nestratila ani deleg\u00e1cia z Uhorska. U\u017e preto, lebo ju viedol s\u00e1m uhorsk\u00fd a r\u00edmsky kr\u00e1\u013e \u017digmund so svojou rodinou, s najv\u00fdznamnej\u0161\u00edmi prel\u00e1tmi a stovkami \u0161\u013eachticov s &#8230; <a title=\"Kostnick\u00e1 iskri\u010dka &#8211; 6\" class=\"read-more\" href=\"https:\/\/www.e-anjelik.sk\/index.php\/2015\/12\/06\/kostnicka-iskricka-6\/\" aria-label=\"Pre\u010d\u00edtajte si viac o Kostnick\u00e1 iskri\u010dka &#8211; 6\">\u010c\u00edta\u0165 viac<\/a><\/p>\n","protected":false},"author":4,"featured_media":0,"comment_status":"open","ping_status":"open","sticky":false,"template":"","format":"standard","meta":{"footnotes":""},"categories":[40],"tags":[],"class_list":["post-29551","post","type-post","status-publish","format-standard","hentry","category-historia"],"_links":{"self":[{"href":"https:\/\/www.e-anjelik.sk\/index.php\/wp-json\/wp\/v2\/posts\/29551","targetHints":{"allow":["GET"]}}],"collection":[{"href":"https:\/\/www.e-anjelik.sk\/index.php\/wp-json\/wp\/v2\/posts"}],"about":[{"href":"https:\/\/www.e-anjelik.sk\/index.php\/wp-json\/wp\/v2\/types\/post"}],"author":[{"embeddable":true,"href":"https:\/\/www.e-anjelik.sk\/index.php\/wp-json\/wp\/v2\/users\/4"}],"replies":[{"embeddable":true,"href":"https:\/\/www.e-anjelik.sk\/index.php\/wp-json\/wp\/v2\/comments?post=29551"}],"version-history":[{"count":2,"href":"https:\/\/www.e-anjelik.sk\/index.php\/wp-json\/wp\/v2\/posts\/29551\/revisions"}],"predecessor-version":[{"id":38458,"href":"https:\/\/www.e-anjelik.sk\/index.php\/wp-json\/wp\/v2\/posts\/29551\/revisions\/38458"}],"wp:attachment":[{"href":"https:\/\/www.e-anjelik.sk\/index.php\/wp-json\/wp\/v2\/media?parent=29551"}],"wp:term":[{"taxonomy":"category","embeddable":true,"href":"https:\/\/www.e-anjelik.sk\/index.php\/wp-json\/wp\/v2\/categories?post=29551"},{"taxonomy":"post_tag","embeddable":true,"href":"https:\/\/www.e-anjelik.sk\/index.php\/wp-json\/wp\/v2\/tags?post=29551"}],"curies":[{"name":"wp","href":"https:\/\/api.w.org\/{rel}","templated":true}]}}