{"id":29554,"date":"2015-12-07T09:00:32","date_gmt":"2015-12-07T07:00:32","guid":{"rendered":"http:\/\/www.evanjelik.sk\/?p=29554"},"modified":"2015-12-07T09:00:32","modified_gmt":"2015-12-07T07:00:32","slug":"6-modlitba-s-detmi","status":"publish","type":"post","link":"https:\/\/www.e-anjelik.sk\/index.php\/2015\/12\/07\/6-modlitba-s-detmi\/","title":{"rendered":"6. Modlitba s de\u0165mi"},"content":{"rendered":"<p>Kamar\u00e1t za\u017eil \u017ee sa doma modlili: &#8222;v mene Otca i Syna i &#8230; zavri tie dvere, nech sem ten pes nejde&#8230; i Ducha Sv\u00e4t\u00e9ho&#8230;&#8220;.<br \/>\nKe\u010f sa ako otec modl\u00edte s<a href=\"http:\/\/www.evanjelik.sk\/wp-content\/uploads\/2015\/12\/03-12-2015-11-03-21.png\"><img loading=\"lazy\" decoding=\"async\" src=\"http:\/\/www.evanjelik.sk\/wp-content\/uploads\/2015\/12\/03-12-2015-11-03-21-300x124.png\" alt=\"\" width=\"300\" height=\"124\" class=\"alignright size-medium wp-image-29505\" \/><\/a> de\u0165mi, je dobre sa s\u00fastredi\u0165 a nenecha\u0165 sa vyru\u0161ova\u0165 ak sa aj deti nie s\u00fa \u00faplne ticho alebo sa ja\u0161ia. Tie\u017e nie je na\u0161kodu, nau\u010den\u00e9 modlitby mierne obmeni\u0165, aby sa neodriekali st\u00e1le rovnako ako ver\u0161ovanku, bezmy\u0161lienkovite. Napr. v Ot\u010den\u00e1\u0161i sta\u010d\u00ed vymeni\u0165 dve prosby, alebo rozvin\u00fa\u0165 jednu z nich a poveda\u0165 nie\u010do konkr\u00e9tne. Deti nastra\u017eia u\u0161i a bud\u00fa viac po\u010d\u00fava\u0165&#8230;<\/p>\n","protected":false},"excerpt":{"rendered":"<p>Kamar\u00e1t za\u017eil \u017ee sa doma modlili: &#8222;v mene Otca i Syna i &#8230; zavri tie dvere, nech sem ten pes nejde&#8230; i Ducha Sv\u00e4t\u00e9ho&#8230;&#8220;. Ke\u010f sa ako otec modl\u00edte s de\u0165mi, je dobre sa s\u00fastredi\u0165 a nenecha\u0165 sa vyru\u0161ova\u0165 ak sa aj deti nie s\u00fa \u00faplne ticho alebo sa ja\u0161ia. Tie\u017e nie je na\u0161kodu, nau\u010den\u00e9 &#8230; <a title=\"6. Modlitba s de\u0165mi\" class=\"read-more\" href=\"https:\/\/www.e-anjelik.sk\/index.php\/2015\/12\/07\/6-modlitba-s-detmi\/\" aria-label=\"Pre\u010d\u00edtajte si viac o 6. Modlitba s de\u0165mi\">\u010c\u00edta\u0165 viac<\/a><\/p>\n","protected":false},"author":5,"featured_media":0,"comment_status":"open","ping_status":"open","sticky":false,"template":"","format":"standard","meta":{"footnotes":""},"categories":[179],"tags":[],"class_list":["post-29554","post","type-post","status-publish","format-standard","hentry","category-advent"],"_links":{"self":[{"href":"https:\/\/www.e-anjelik.sk\/index.php\/wp-json\/wp\/v2\/posts\/29554","targetHints":{"allow":["GET"]}}],"collection":[{"href":"https:\/\/www.e-anjelik.sk\/index.php\/wp-json\/wp\/v2\/posts"}],"about":[{"href":"https:\/\/www.e-anjelik.sk\/index.php\/wp-json\/wp\/v2\/types\/post"}],"author":[{"embeddable":true,"href":"https:\/\/www.e-anjelik.sk\/index.php\/wp-json\/wp\/v2\/users\/5"}],"replies":[{"embeddable":true,"href":"https:\/\/www.e-anjelik.sk\/index.php\/wp-json\/wp\/v2\/comments?post=29554"}],"version-history":[{"count":0,"href":"https:\/\/www.e-anjelik.sk\/index.php\/wp-json\/wp\/v2\/posts\/29554\/revisions"}],"wp:attachment":[{"href":"https:\/\/www.e-anjelik.sk\/index.php\/wp-json\/wp\/v2\/media?parent=29554"}],"wp:term":[{"taxonomy":"category","embeddable":true,"href":"https:\/\/www.e-anjelik.sk\/index.php\/wp-json\/wp\/v2\/categories?post=29554"},{"taxonomy":"post_tag","embeddable":true,"href":"https:\/\/www.e-anjelik.sk\/index.php\/wp-json\/wp\/v2\/tags?post=29554"}],"curies":[{"name":"wp","href":"https:\/\/api.w.org\/{rel}","templated":true}]}}