{"id":29564,"date":"2015-12-08T11:30:59","date_gmt":"2015-12-08T09:30:59","guid":{"rendered":"http:\/\/www.evanjelik.sk\/?p=29564"},"modified":"2015-12-08T11:30:59","modified_gmt":"2015-12-08T09:30:59","slug":"vyse-83-tisic-aktivnych-neordinovanych-pracovnikov-v-severnej-cirkvi-v-nemecku","status":"publish","type":"post","link":"https:\/\/www.e-anjelik.sk\/index.php\/2015\/12\/08\/vyse-83-tisic-aktivnych-neordinovanych-pracovnikov-v-severnej-cirkvi-v-nemecku\/","title":{"rendered":"Vy\u0161e 83 tis\u00edc akt\u00edvnych neordinovan\u00fdch pracovn\u00edkov v Severnej cirkvi v Nemecku"},"content":{"rendered":"<p>V Evanjelickej Severnej\u00a0cirkvi v Hamburgu, \u0160lesvicko -Hol\u0161tajnsku a Meklenbursku-Prednom Pomoransku akt\u00edvne pracuje ako neplaten\u00ed\u00a0pracovn\u00edci vy\u0161e 83 tis\u00edc \u017eien, mu\u017eov a ml\u00e1de\u017en\u00edkov. Ich po\u010det\u00a0 v rokoch 2004 a\u017e 2014 vzr\u00e1stol o \u0161es\u0165 percent. Vypl\u00fdva to zo \u0161tatistiky Severnej cirkvi pre rok 2014. \u00a0V Nemecku takto cirkev a diakonia po \u0161portov\u00fdch zv\u00e4zoch zauj\u00edmaj\u00fa druh\u00e9 miesto\u00a0 v oblasti anga\u017eovania sa neplaten\u00fdch pracovn\u00edkov. T\u00edto s\u00fa \u00fazko\u00a0 napojen\u00ed na svoju cirkev a nikdy neuva\u017euj\u00fa o vyst\u00fapen\u00ed z cirkvi. Dve tretiny z t\u00fdchto dobrovo\u013en\u00edkov tvoria \u017eeny. \u0160tatistika vyk\u00e1zala aj n\u00e1v\u0161tevnos\u0165 nede\u013en\u00fdch bohoslu\u017eieb. Ich priemer po\u010das nedel\u00ed (okrem \u0160tedr\u00e9ho ve\u010dera) je vy\u0161e 63 tis\u00edc. Na \u0160tedr\u00fd ve\u010der je to 760 tis\u00edc. Severn\u00e1 cirkev je \u010do do po\u010dtu piata najv\u00e4\u010d\u0161ia krajinsk\u00e1 cirkev. M\u00e1 2,2 mil. \u010dlenov.<\/p>\n<p>(www.nordkirche.de)<\/p>\n","protected":false},"excerpt":{"rendered":"<p>V Evanjelickej Severnej\u00a0cirkvi v Hamburgu, \u0160lesvicko -Hol\u0161tajnsku a Meklenbursku-Prednom Pomoransku akt\u00edvne pracuje ako neplaten\u00ed\u00a0pracovn\u00edci vy\u0161e 83 tis\u00edc \u017eien, mu\u017eov a ml\u00e1de\u017en\u00edkov. Ich po\u010det\u00a0 v rokoch 2004 a\u017e 2014 vzr\u00e1stol o \u0161es\u0165 percent. Vypl\u00fdva to zo \u0161tatistiky Severnej cirkvi pre rok 2014. \u00a0V Nemecku takto cirkev a diakonia po \u0161portov\u00fdch zv\u00e4zoch zauj\u00edmaj\u00fa druh\u00e9 miesto\u00a0 v oblasti &#8230; <a title=\"Vy\u0161e 83 tis\u00edc akt\u00edvnych neordinovan\u00fdch pracovn\u00edkov v Severnej cirkvi v Nemecku\" class=\"read-more\" href=\"https:\/\/www.e-anjelik.sk\/index.php\/2015\/12\/08\/vyse-83-tisic-aktivnych-neordinovanych-pracovnikov-v-severnej-cirkvi-v-nemecku\/\" aria-label=\"Pre\u010d\u00edtajte si viac o Vy\u0161e 83 tis\u00edc akt\u00edvnych neordinovan\u00fdch pracovn\u00edkov v Severnej cirkvi v Nemecku\">\u010c\u00edta\u0165 viac<\/a><\/p>\n","protected":false},"author":2,"featured_media":0,"comment_status":"open","ping_status":"open","sticky":false,"template":"","format":"standard","meta":{"footnotes":""},"categories":[5,9],"tags":[],"class_list":["post-29564","post","type-post","status-publish","format-standard","hentry","category-diakonia","category-europa"],"_links":{"self":[{"href":"https:\/\/www.e-anjelik.sk\/index.php\/wp-json\/wp\/v2\/posts\/29564","targetHints":{"allow":["GET"]}}],"collection":[{"href":"https:\/\/www.e-anjelik.sk\/index.php\/wp-json\/wp\/v2\/posts"}],"about":[{"href":"https:\/\/www.e-anjelik.sk\/index.php\/wp-json\/wp\/v2\/types\/post"}],"author":[{"embeddable":true,"href":"https:\/\/www.e-anjelik.sk\/index.php\/wp-json\/wp\/v2\/users\/2"}],"replies":[{"embeddable":true,"href":"https:\/\/www.e-anjelik.sk\/index.php\/wp-json\/wp\/v2\/comments?post=29564"}],"version-history":[{"count":0,"href":"https:\/\/www.e-anjelik.sk\/index.php\/wp-json\/wp\/v2\/posts\/29564\/revisions"}],"wp:attachment":[{"href":"https:\/\/www.e-anjelik.sk\/index.php\/wp-json\/wp\/v2\/media?parent=29564"}],"wp:term":[{"taxonomy":"category","embeddable":true,"href":"https:\/\/www.e-anjelik.sk\/index.php\/wp-json\/wp\/v2\/categories?post=29564"},{"taxonomy":"post_tag","embeddable":true,"href":"https:\/\/www.e-anjelik.sk\/index.php\/wp-json\/wp\/v2\/tags?post=29564"}],"curies":[{"name":"wp","href":"https:\/\/api.w.org\/{rel}","templated":true}]}}