{"id":29566,"date":"2015-12-08T11:49:31","date_gmt":"2015-12-08T09:49:31","guid":{"rendered":"http:\/\/www.evanjelik.sk\/?p=29566"},"modified":"2015-12-08T11:49:31","modified_gmt":"2015-12-08T09:49:31","slug":"evanjelicka-cirkev-v-bavorsku-poskytla-pre-3-tisic-utecencov-svoje-domy","status":"publish","type":"post","link":"https:\/\/www.e-anjelik.sk\/index.php\/2015\/12\/08\/evanjelicka-cirkev-v-bavorsku-poskytla-pre-3-tisic-utecencov-svoje-domy\/","title":{"rendered":"Evanjelick\u00e1 cirkev v Bavorsku poskytla pre 3 tis\u00edc ute\u010dencov svoje domy"},"content":{"rendered":"<p>1479 ute\u010dencov toho \u010dasu u\u017e je ubytovan\u00fdch v priestoroch Evanjelicko-luter\u00e1nskej krajinskej cirkvi v Bavorsku. Okrem toho je k dispoz\u00edcii \u010fal\u0161\u00edch 1599 miest. Cirkevn\u00e9 gr\u00e9mia sa radia, \u010di je potrebn\u00e9 toho \u010dasu da\u0165 k dispoz\u00edcii \u010fal\u0161\u00edch 447 miest. 803 miest, ktor\u00e9 pon\u00fakla cirkev, \u00farady krajinskej rady odmietli ako nevyhovuj\u00face. Evanjelick\u00e1 cirkev v Bavorsku v auguste zriadila osobitn\u00fd fond na pomoc pri ubytovan\u00ed ute\u010dencov s rozpo\u010dtom 1 mili\u00f3n eur.<\/p>\n<p>(www.bayern- evangelisch.de)<\/p>\n","protected":false},"excerpt":{"rendered":"<p>1479 ute\u010dencov toho \u010dasu u\u017e je ubytovan\u00fdch v priestoroch Evanjelicko-luter\u00e1nskej krajinskej cirkvi v Bavorsku. Okrem toho je k dispoz\u00edcii \u010fal\u0161\u00edch 1599 miest. Cirkevn\u00e9 gr\u00e9mia sa radia, \u010di je potrebn\u00e9 toho \u010dasu da\u0165 k dispoz\u00edcii \u010fal\u0161\u00edch 447 miest. 803 miest, ktor\u00e9 pon\u00fakla cirkev, \u00farady krajinskej rady odmietli ako nevyhovuj\u00face. Evanjelick\u00e1 cirkev v Bavorsku v auguste zriadila &#8230; <a title=\"Evanjelick\u00e1 cirkev v Bavorsku poskytla pre 3 tis\u00edc ute\u010dencov svoje domy\" class=\"read-more\" href=\"https:\/\/www.e-anjelik.sk\/index.php\/2015\/12\/08\/evanjelicka-cirkev-v-bavorsku-poskytla-pre-3-tisic-utecencov-svoje-domy\/\" aria-label=\"Pre\u010d\u00edtajte si viac o Evanjelick\u00e1 cirkev v Bavorsku poskytla pre 3 tis\u00edc ute\u010dencov svoje domy\">\u010c\u00edta\u0165 viac<\/a><\/p>\n","protected":false},"author":2,"featured_media":0,"comment_status":"open","ping_status":"open","sticky":false,"template":"","format":"standard","meta":{"footnotes":""},"categories":[4,5,9],"tags":[],"class_list":["post-29566","post","type-post","status-publish","format-standard","hentry","category-akcie","category-diakonia","category-europa"],"_links":{"self":[{"href":"https:\/\/www.e-anjelik.sk\/index.php\/wp-json\/wp\/v2\/posts\/29566","targetHints":{"allow":["GET"]}}],"collection":[{"href":"https:\/\/www.e-anjelik.sk\/index.php\/wp-json\/wp\/v2\/posts"}],"about":[{"href":"https:\/\/www.e-anjelik.sk\/index.php\/wp-json\/wp\/v2\/types\/post"}],"author":[{"embeddable":true,"href":"https:\/\/www.e-anjelik.sk\/index.php\/wp-json\/wp\/v2\/users\/2"}],"replies":[{"embeddable":true,"href":"https:\/\/www.e-anjelik.sk\/index.php\/wp-json\/wp\/v2\/comments?post=29566"}],"version-history":[{"count":0,"href":"https:\/\/www.e-anjelik.sk\/index.php\/wp-json\/wp\/v2\/posts\/29566\/revisions"}],"wp:attachment":[{"href":"https:\/\/www.e-anjelik.sk\/index.php\/wp-json\/wp\/v2\/media?parent=29566"}],"wp:term":[{"taxonomy":"category","embeddable":true,"href":"https:\/\/www.e-anjelik.sk\/index.php\/wp-json\/wp\/v2\/categories?post=29566"},{"taxonomy":"post_tag","embeddable":true,"href":"https:\/\/www.e-anjelik.sk\/index.php\/wp-json\/wp\/v2\/tags?post=29566"}],"curies":[{"name":"wp","href":"https:\/\/api.w.org\/{rel}","templated":true}]}}