{"id":29570,"date":"2015-12-09T04:07:58","date_gmt":"2015-12-09T02:07:58","guid":{"rendered":"http:\/\/www.evanjelik.sk\/?p=29570"},"modified":"2015-12-09T04:07:58","modified_gmt":"2015-12-09T02:07:58","slug":"v-norsku-urady-odnali-rodicom-pat-deti","status":"publish","type":"post","link":"https:\/\/www.e-anjelik.sk\/index.php\/2015\/12\/09\/v-norsku-urady-odnali-rodicom-pat-deti\/","title":{"rendered":"V N\u00f3rsku \u00farady od\u0148ali rodi\u010dom p\u00e4\u0165 det\u00ed"},"content":{"rendered":"<p>V N\u00f3rsku \u00farady od\u0148ali kres\u0165ansk\u00fdm rodi\u010dom ich p\u00e4\u0165 det\u00ed, lebo ich vraj &#8222;indoktrinovali&#8220; a &#8222;radikalizovali&#8220;. Rodi\u010dia Ruth a Marius Bodnariu poch\u00e1dzaj\u00fa z Rumunska. Patria k letni\u010dnej cirkvi. Pred desiatimi rokmi sa pris\u0165ahovali do N\u00f3rska. Podnet na odobratie dal riadite\u013e \u0161koly, kam star\u0161ie deti chodili. Nep\u00e1\u010dilo sa mu ich spr\u00e1vanie a vyjadrovanie. Rodi\u010dov \u00farady zadr\u017eali a nieko\u013eko hod\u00edn \u00a0vypo\u010d\u00favali. Vyt\u00fdkali im , \u017ee svoje deti vychov\u00e1vaj\u00fa v radik\u00e1lnej viere, ke\u010f ich u\u010dili, \u017ee Boh trest\u00e1 hriechy. Ke\u010f sa rodi\u010dia odvolali na s\u00fad proti od\u0148atiu a br\u00e1neniu kontaktu s nimi, ten ich odvolanie za\u010diatkom \u00a0decembra zamietol. Priatelia rodiny sp\u00edsali pet\u00edciu na vl\u00e1du o navr\u00e1tenie det\u00ed rodi\u010dom. Doteraz z\u00edskali 27 tis\u00edc podpisov.<\/p>\n<p>(www.idea.de)<\/p>\n","protected":false},"excerpt":{"rendered":"<p>V N\u00f3rsku \u00farady od\u0148ali kres\u0165ansk\u00fdm rodi\u010dom ich p\u00e4\u0165 det\u00ed, lebo ich vraj &#8222;indoktrinovali&#8220; a &#8222;radikalizovali&#8220;. Rodi\u010dia Ruth a Marius Bodnariu poch\u00e1dzaj\u00fa z Rumunska. Patria k letni\u010dnej cirkvi. Pred desiatimi rokmi sa pris\u0165ahovali do N\u00f3rska. Podnet na odobratie dal riadite\u013e \u0161koly, kam star\u0161ie deti chodili. Nep\u00e1\u010dilo sa mu ich spr\u00e1vanie a vyjadrovanie. Rodi\u010dov \u00farady zadr\u017eali a &#8230; <a title=\"V N\u00f3rsku \u00farady od\u0148ali rodi\u010dom p\u00e4\u0165 det\u00ed\" class=\"read-more\" href=\"https:\/\/www.e-anjelik.sk\/index.php\/2015\/12\/09\/v-norsku-urady-odnali-rodicom-pat-deti\/\" aria-label=\"Pre\u010d\u00edtajte si viac o V N\u00f3rsku \u00farady od\u0148ali rodi\u010dom p\u00e4\u0165 det\u00ed\">\u010c\u00edta\u0165 viac<\/a><\/p>\n","protected":false},"author":2,"featured_media":0,"comment_status":"open","ping_status":"open","sticky":false,"template":"","format":"standard","meta":{"footnotes":""},"categories":[2,13,42],"tags":[],"class_list":["post-29570","post","type-post","status-publish","format-standard","hentry","category-ekumena","category-mladez","category-skandinavia"],"_links":{"self":[{"href":"https:\/\/www.e-anjelik.sk\/index.php\/wp-json\/wp\/v2\/posts\/29570","targetHints":{"allow":["GET"]}}],"collection":[{"href":"https:\/\/www.e-anjelik.sk\/index.php\/wp-json\/wp\/v2\/posts"}],"about":[{"href":"https:\/\/www.e-anjelik.sk\/index.php\/wp-json\/wp\/v2\/types\/post"}],"author":[{"embeddable":true,"href":"https:\/\/www.e-anjelik.sk\/index.php\/wp-json\/wp\/v2\/users\/2"}],"replies":[{"embeddable":true,"href":"https:\/\/www.e-anjelik.sk\/index.php\/wp-json\/wp\/v2\/comments?post=29570"}],"version-history":[{"count":0,"href":"https:\/\/www.e-anjelik.sk\/index.php\/wp-json\/wp\/v2\/posts\/29570\/revisions"}],"wp:attachment":[{"href":"https:\/\/www.e-anjelik.sk\/index.php\/wp-json\/wp\/v2\/media?parent=29570"}],"wp:term":[{"taxonomy":"category","embeddable":true,"href":"https:\/\/www.e-anjelik.sk\/index.php\/wp-json\/wp\/v2\/categories?post=29570"},{"taxonomy":"post_tag","embeddable":true,"href":"https:\/\/www.e-anjelik.sk\/index.php\/wp-json\/wp\/v2\/tags?post=29570"}],"curies":[{"name":"wp","href":"https:\/\/api.w.org\/{rel}","templated":true}]}}