{"id":29574,"date":"2015-12-09T19:45:43","date_gmt":"2015-12-09T17:45:43","guid":{"rendered":"http:\/\/www.evanjelik.sk\/?p=29574"},"modified":"2021-12-16T13:05:59","modified_gmt":"2021-12-16T12:05:59","slug":"hospodin-nasa-spravodlivost","status":"publish","type":"post","link":"https:\/\/www.e-anjelik.sk\/index.php\/2015\/12\/09\/hospodin-nasa-spravodlivost\/","title":{"rendered":"Hospodin na\u0161a spravodlivos\u0165"},"content":{"rendered":"<p>Predk\u00e1z\u0148ov\u00e1 modlitba:<\/p>\n<p><i>\u201cSv\u00e4t\u00fd, v\u0161emoh\u00faci a v\u0161evl\u00e1dny Bo\u017ee, mil\u00fd Ot\u010de n\u00e1\u0161 nebesk\u00fd! Oslavujeme \u0164a radostne za milos\u0165 dne\u0161n\u00e9ho nov\u00e9ho r\u00e1na. Oslavujeme \u0164a aj za milos\u0165 tohoto nov\u00e9ho cirkevn\u00e9ho roku, do ktor\u00e9ho br\u00e1n si n\u00e1s priviedol. Oslavujeme \u0164a za Tvoj sv\u00e4t\u00fd <\/i><b><i>advent<\/i><\/b><i>. Za Tvoj pr\u00edchod k n\u00e1m v Synovi, P\u00e1novi Je\u017ei\u0161ovi Kristovi. Oslavujeme \u0164a aj za svie\u017ei z\u00e1van slobody, pr\u00e1va a spravodlivosti pre v\u0161etk\u00fdch, za nov\u00e9 brie\u017edenie po dlhej tme a noci. Ty si n\u00e1m bol a\u017e dosia\u013e \u00fato\u010di\u0161\u0165om a silou, pomocou v s\u00fa\u017een\u00ed v\u017edy osved\u010denou. \u00c1no, bol si na\u0161\u00edm Hradom prepevn\u00fdm. Popraj n\u00e1m aj dnes rados\u0165 z Tvojho slova a zo sviatosti Ve\u010dere P\u00e1novej, rados\u0165 zo stretnutia s na\u0161\u00edm adventn\u00fdm Kr\u00e1\u013eom, Ty Hospodine, na\u0161a spravodlivos\u0165 \u201d! Amen.<\/i><\/p>\n<p><b>Jeremi\u00e1\u0161 23, 5-6: <\/b><i>\u201c Ajh\u013ea, prich\u00e1dzaj\u00fa dni &#8211; znie v\u00fdrok Hospodinov &#8211;&nbsp; ke\u010f vzbud\u00edm D\u00e1vidovi spravodliv\u00fd v\u00fdhonok, ten bude panova\u0165 ako krr\u00e1\u013e a bud em\u00fadre kona\u0165 a uplat\u0148ova\u0165 pr\u00e1vo a spravodlivos\u0165 v krajine. (6) Za jeho \u010dias J\u00fada d\u00f4jde sp\u00e1sy a Izrael preb\u00fdva\u0165 bude v bezpe\u010d\u00ed. A toto bue jeho meno, ktor\u00fdm ho bud\u00fa vola\u0165: Hospodin, na\u0161a spravodlivos\u0165.\u201d Amen.<\/i><\/p>\n<p>Bohu mil\u00ed a v radostnej n\u00e1deji \u017eij\u00faci kres\u0165ania!<\/p>\n<p>Stret\u00e1me sa tu spolu po dvoch t\u00fd\u017ed\u0148och, ale m\u00e1m pocit, a mo\u017eno to aj v\u00e1m tak pripad\u00e1, akoby uplyno medzi t\u00fdm najmenej dvadsa\u0165 rokov, alebo cel\u00e9 storo\u010die. Tak sa medzi t\u00fdm zmenila doba, tak sa zmenila spolo\u010densk\u00e1 a duchovn\u00e1 atmosf\u00e9ra v na\u0161ej vlasti. D\u00fafam, \u017ee sa zhodneme v tom, \u017ee sa zmenila k lep\u0161iemu. Lebo s\u00fa aj tak\u00ed \u013eudia, ktor\u00ed si myslia, alebo aj hovoria, \u017ee je to zmena k hor\u0161iemu, \u017ee sa to nemalo sta\u0165 a pripusti\u0165. Ale ja by som v\u00e1m chcel v\u0161etk\u00fdm blaho\u017eela\u0165 k tomu, \u010do pr\u00e1ve pre\u017e\u00edvame. V tomto s\u00fa\u010dasnom o\u010distnom, \u013eudskom a demokratickom procese vid\u00edme odpove\u010f aj na na\u0161e modlitby a t\u00fa\u017eby. Tak sme ich zvl\u00e1\u0161\u0165 v poslednom \u010dase, v s\u00favise s pamiatkou reform\u00e1cie vyspievali v n\u00e1bo\u017enej piesni: <i>\u201cEvanjelium v\u011b\u010dn\u00e9ho \/ \u00dap\u0159imn\u00ed milovn\u00edci\/\u2026(Tran.\u010d.396)<\/i> , kde v poslednom ver\u0161i je tak\u00e1to prosba:\u201d<i> DEJ SV\u00c9 CIRKVI SVOBODU, K SLOU\u017dEN\u00cd TOB\u011a V SPROSTNOSTI<\/i>\u201d . Blaho\u017eelanie patr\u00ed zvl\u00e1\u0161\u0165 aj na\u0161\u00edm \u0161tudentom a ml\u00e1de\u017ei, a v\u0161etk\u00fdm, ktor\u00ed si zachovali mlad\u00e9ho ducha, ducha horlivosti, nezlomnosti vo viere a stato\u010dnosti.<\/p>\n<p>Cirkev P\u00e1nova nestoj\u00ed zdanlivo v popred\u00ed tohoto hnutia, ani za t\u00fdmi zmenami, ktor\u00e9 v\u00edtame a z ktor\u00fdch sa te\u0161\u00edme. Ale aj v tom polo\u0161ere nem\u00fadrosti, bezpr\u00e1via a mnoh\u00fdch nespravodlivost\u00ed pr\u00e1ve cirkev, ktor\u00e1 \u017eila a \u017eije zo slova Bo\u017eieho, ktor\u00e1 mala a m\u00e1 prav\u00e9 svetlo \u017eivota, vedela naz\u00fdva\u0165 veci prav\u00fdmi menami. To pripom\u00ednam aj napriek tomu, \u017ee s\u00e1m najlep\u0161ie viem, ako hlboko sa kr\u00edza spolo\u010dnosti a deform\u00e1cie dotkli aj jej vlastn\u00fdch \u0161trukt\u00far. Kto nebol \u013eahostajn\u00fd, ten si v\u0161ak napriek v\u0161etk\u00e9mu vn\u00fatorn\u00fa slobodu, vieru a mor\u00e1lku nedal vzia\u0165, ani zni\u010di\u0165, lebo P\u00e1n bol aj v sk\u00fa\u0161kach s nami. Advent n\u00e1m teda priniesol nielen nov\u00fd cirkevn\u00fd rok, ale aj nov\u00e9 n\u00e1deje a povzn\u00e1\u0161aj\u00face sk\u00fasenosti. \u017diaden strom do neba nerastie &#8211;&nbsp; to sme vedeli v\u017edy. Ale nevedeli sme, \u017ee tak\u00e9to dni s\u00fa u\u017e bezprostredne pred nami.<\/p>\n<p>Bratia a sestry v P\u00e1novi!<\/p>\n<p>Takto prekvapuj\u00faco pri\u0161li kedysi dni, ktor\u00e9 Nov\u00e1 Zmluva vol\u00e1 plnos\u0165 \u010dasu. My sme dnes po\u010duli proroctvo Jeremi\u00e1\u0161ovo, ktor\u00fdm u\u017e Starozmluvn\u00e1 cirkev bola pripravovan\u00e1 na pr\u00edchod Mesi\u00e1\u0161a, pr\u00edchod <i>\u201cD\u00e1vidovho spravodliv\u00e9ho v\u00fdhonku\u201d<\/i>. Ono bolo povzbuden\u00edm pre mnoh\u00e9 gener\u00e1cie, ktor\u00e9 o\u010dak\u00e1vali pr\u00edchod Kristov. Ale ten pr\u00edchod a kr\u00e1tky svit Je\u017ei\u0161ovho preb\u00fdvania na zemi mnoh\u00ed nesta\u010dili ani zaregistrova\u0165 a spr\u00e1vne na\u0148 reagova\u0165. Bol ve\u013emi prekvapuj\u00faci. Nikto nemohol vlastn\u00fdm rozumom predpoklada\u0165, \u017ee sa pr\u00e1ve v ich dobe objav\u00ed ten zelen\u00fd v\u00fdhonk zo such\u00e9ho p\u0148a D\u00e1vidovsk\u00e9ho rodu. A pr\u00e1ve to sa stalo! To sa uplatnilo a naplnilo.<\/p>\n<p>To mal\u00e9 a nepatrn\u00e9 Die\u0165a z Betlehema vo svojej zdanlivej bezmocnosti prinieslo l\u00e1sku, pokoj, odpustenie a v\u0161ek tie hodnoty, o ktor\u00fdch hovor\u00ed n\u00e1\u0161 prorock\u00fd text, ur\u010den\u00fd na\u0161ou cirkvou na dne\u0161n\u00fa nede\u013eu. Tie hodnoty s\u00fa: m\u00fadros\u0165, pr\u00e1vo a spravodlivos\u0165. <i>\u201cAjh\u013ea, prich\u00e1dzaj\u00fa dni &#8211; znie v\u00fdrok Hospodinov &#8211; ke\u010f vzbud\u00edm D\u00e1vidovi spravodliv\u00fd v\u00fdhonok, ten bude panova\u0165 ako kr\u00e1\u013e a bud em\u00fadre kona\u0165 a uplat\u0148ova\u0165 pr\u00e1vo a spravodlivos\u0165 v krajine\u201d. <\/i>Tieto zas\u013e\u00fabenia Bo\u017eie, vysloven\u00e9 skrze proroka Jeremi\u00e1\u0161a sa uskuto\u010d\u0148ovali v \u017eivote Je\u017ei\u0161a, v Jeho slov\u00e1ch i skutkoch. Raz naplno zavl\u00e1dnu v\u0161ade, ke\u010f sa uskuto\u010dn\u00ed to, o \u010do pros\u00edme v Ot\u010den\u00e1\u0161i:<i> \u201dPr\u00ed\u010f kr\u00e1\u013eovstvo Tvoje!\u201d\u2026<\/i><\/p>\n<p>Bratia a sestry!<\/p>\n<p>V\u010dera mi na gener\u00e1lnom konvente v \u017diline, mlad\u00fd in\u017einier a poddozorca cirkevn\u00e9ho zboru hovoril: <i>\u201dPredsa m\u00e1 len Je\u017ei\u0161 Kristus m\u00fadros\u0165&nbsp; a pravdu! Nie hrub\u00e9 n\u00e1silie, nie moc zbran\u00ed, ale moc ducha zv\u00ed\u0165azila. Ona prevl\u00e1dze ka\u017ed\u00fa tyraniu a zlobu, ka\u017ed\u00fa silu tmy\u201d<\/i>. Iste nie n\u00e1hodou si aj ob\u010dianske hnutie na Slovensku dalo n\u00e1zov: \u201dVerejnos\u0165 proti n\u00e1siliu\u201d!<\/p>\n<p>Nielen v d\u00e1vnej minulosti a v minul\u00fdch stro\u010diach, ke\u010f z\u00e1pasili a bojovali na\u0161i predkovia proti v\u0161elijak\u00fdm mocnostiam sveta a tmy, napokon zv\u00ed\u0165azila sila l\u00e1sky a pravdy Kristovej! Aj dnes dal P\u00e1n po\u017eehnanie tam, kde bola viera, n\u00e1dej a l\u00e1ska u mlad\u00fdch i star\u00fdch.<\/p>\n<p>Preto v toto meno: <i>Hospodin na\u0161a spravodlivos\u0165 <\/i>d\u00fafajme aj v bud\u00facnosti. Op\u00e4\u0165 nevieme, \u010do v\u0161etko n\u00e1m prinesie z\u00e1pas dobra a zla. Tento z\u00e1pas sa z\u010faleka neskon\u010dil a nekon\u010d\u00ed. \u010cakaj\u00fa n\u00e1s \u010fal\u0161ie mnoh\u00e9 a r\u00f4zne z\u00e1pasy. Zakia\u013e v\u0161ak tento svet svoje programy prehodnucuje a tvor\u00ed v\u017edy nov\u00e9, my ako kres\u0165ania m\u00e1me program ten ist\u00fd. Iba tam, kd e sme ho sami&nbsp; deformovali, alebo opustili, m\u00e1me ho reformova\u0165 a napravi\u0165 pod\u013ea slova n\u00e1\u0161ho P\u00e1na. \u00c1no, \u010dlovek zlyh\u00e1va. Preto potrebujeme v\u017edy nov\u00e9 pok\u00e1nie a nov\u00fa milos\u0165.<\/p>\n<p>Iba cesta s P\u00e1nom Je\u017ei\u0161om Kristom znamen\u00e1 aj kone\u010dn\u00e9 a trval\u00e9 v\u00ed\u0165azstvo svetla, dobra, kr\u00e1sy, m\u00fadrosti, pr\u00e1va a spravodlivosti. V\u017edy plat\u00ed:<i> \u201cZa jeho \u010dias J\u00fada d\u00f4jde sp\u00e1sy a Izrael preb\u00fdva\u0165 bude v bezpe\u010d\u00ed.\u201d<\/i><\/p>\n<p>V\u017edy treba vz\u00fdva\u0165 meno Toho<i>,<\/i> ktor\u00e9ho meno je<i>: \u201cHospodin na\u0161a spravodivos\u0165. \u201c<\/i><\/p>\n<p>Bratia a sestry!<\/p>\n<p>P\u00e1n Boh n\u00e1m doprial do\u017ei\u0165 sa kr\u00e1sneho a povzn\u00e1\u0161aj\u00faceho adventu. Verme, \u017ee n\u00e1m d\u00e1 e\u0161te viac radosti&nbsp; na Vianoce. Pod zelen\u00fd strom\u010dek, ktor\u00fd pripom\u00edna D\u00e1vidov spravodliv\u00fd v\u00fdhonk, n\u00e1\u0161ho nebesk\u00e9ho Kr\u00e1\u013ea a P\u00e1na. Na to sa treba u\u017e dnes v\u00e1\u017ene pripravi\u0165. Nech adventn\u00fd Kr\u00e1\u013e panuje v na\u0161ich srdciach, v na\u0161ich rodin\u00e1ch, v na\u0161om cirkevnom zbore. Jeho vl\u00e1dy a panstva sa nebojme. Proti nemu netreba demon\u0161trova\u0165. T\u00ed, \u010do tak robili s\u00fastredene vy\u0161e \u0161tyrisdsa\u0165 rokov, sa maj\u00fa mo\u017enos\u0165 op\u00e4\u0165 presved\u010di\u0165 o pravdivosti slov \u017dalmu 2. Ke\u010f sa <i>\u201cknie\u017eat\u00e1 radia proti Hospodinu a proti Jeho Pomazan\u00e9mu, P\u00e1n sa im vysmieva a hovor\u00ed: Spretrhajme ich okovy a zho\u010fme zo seba ich put\u00e1\u201d.<\/i><\/p>\n<p>Jeho treba v\u017edy v\u00edta\u0165. Tam, kde v \u010dase neslobody panoval Je\u017ei\u0161 Kristus v srdci, tam \u013eudia mali &#8211; aj napriek tlakom zvonka &#8211; vn\u00fatorn\u00fa slobodu a rados\u0165 od Toho, ktor\u00e9ho meno je: Hospodin na\u0161a spravodlivos\u0165. Preto Jemu, jedin\u00e9mu m\u00fadremu Bohu, nech je vzdan\u00e1 od n\u00e1s \u010des\u0165 a sl\u00e1va teraz, a\u017e na veky vekov! Amen<\/p>\n<p><i>I.adventn\u00e1 nede\u013ea &#8211; <\/i><b><i>rok 1989 <\/i><\/b><i>&#8211; Rovensko a Soboti\u0161te, &#8211; \u013d.Batka st.<\/i><\/p>\n","protected":false},"excerpt":{"rendered":"<p>Predk\u00e1z\u0148ov\u00e1 modlitba: \u201cSv\u00e4t\u00fd, v\u0161emoh\u00faci a v\u0161evl\u00e1dny Bo\u017ee, mil\u00fd Ot\u010de n\u00e1\u0161 nebesk\u00fd! Oslavujeme \u0164a radostne za milos\u0165 dne\u0161n\u00e9ho nov\u00e9ho r\u00e1na. Oslavujeme \u0164a aj za milos\u0165 tohoto nov\u00e9ho cirkevn\u00e9ho roku, do ktor\u00e9ho br\u00e1n si n\u00e1s priviedol. Oslavujeme \u0164a za Tvoj sv\u00e4t\u00fd advent. Za Tvoj pr\u00edchod k n\u00e1m v Synovi, P\u00e1novi Je\u017ei\u0161ovi Kristovi. Oslavujeme \u0164a aj za svie\u017ei &#8230; <a title=\"Hospodin na\u0161a spravodlivos\u0165\" class=\"read-more\" href=\"https:\/\/www.e-anjelik.sk\/index.php\/2015\/12\/09\/hospodin-nasa-spravodlivost\/\" aria-label=\"Pre\u010d\u00edtajte si viac o Hospodin na\u0161a spravodlivos\u0165\">\u010c\u00edta\u0165 viac<\/a><\/p>\n","protected":false},"author":4,"featured_media":0,"comment_status":"open","ping_status":"open","sticky":false,"template":"","format":"standard","meta":{"footnotes":""},"categories":[570,179,121,95],"tags":[],"class_list":["post-29574","post","type-post","status-publish","format-standard","hentry","category-1-adventna-nedela","category-advent","category-kazne","category-sobotiste"],"_links":{"self":[{"href":"https:\/\/www.e-anjelik.sk\/index.php\/wp-json\/wp\/v2\/posts\/29574","targetHints":{"allow":["GET"]}}],"collection":[{"href":"https:\/\/www.e-anjelik.sk\/index.php\/wp-json\/wp\/v2\/posts"}],"about":[{"href":"https:\/\/www.e-anjelik.sk\/index.php\/wp-json\/wp\/v2\/types\/post"}],"author":[{"embeddable":true,"href":"https:\/\/www.e-anjelik.sk\/index.php\/wp-json\/wp\/v2\/users\/4"}],"replies":[{"embeddable":true,"href":"https:\/\/www.e-anjelik.sk\/index.php\/wp-json\/wp\/v2\/comments?post=29574"}],"version-history":[{"count":1,"href":"https:\/\/www.e-anjelik.sk\/index.php\/wp-json\/wp\/v2\/posts\/29574\/revisions"}],"predecessor-version":[{"id":35201,"href":"https:\/\/www.e-anjelik.sk\/index.php\/wp-json\/wp\/v2\/posts\/29574\/revisions\/35201"}],"wp:attachment":[{"href":"https:\/\/www.e-anjelik.sk\/index.php\/wp-json\/wp\/v2\/media?parent=29574"}],"wp:term":[{"taxonomy":"category","embeddable":true,"href":"https:\/\/www.e-anjelik.sk\/index.php\/wp-json\/wp\/v2\/categories?post=29574"},{"taxonomy":"post_tag","embeddable":true,"href":"https:\/\/www.e-anjelik.sk\/index.php\/wp-json\/wp\/v2\/tags?post=29574"}],"curies":[{"name":"wp","href":"https:\/\/api.w.org\/{rel}","templated":true}]}}