{"id":29593,"date":"2015-12-14T16:05:14","date_gmt":"2015-12-14T14:05:14","guid":{"rendered":"http:\/\/www.evanjelik.sk\/?p=29593"},"modified":"2015-12-14T16:05:14","modified_gmt":"2015-12-14T14:05:14","slug":"polsky-farar-ireneusz-lukas-je-novym-tajomnikom-slz-pre-europu","status":"publish","type":"post","link":"https:\/\/www.e-anjelik.sk\/index.php\/2015\/12\/14\/polsky-farar-ireneusz-lukas-je-novym-tajomnikom-slz-pre-europu\/","title":{"rendered":"Po\u013esk\u00fd far\u00e1r Ireneusz Lukas je nov\u00fdm tajomn\u00edkom SLZ pre Eur\u00f3pu"},"content":{"rendered":"<p>I. Lukas bol zvolen\u00fd na post tajomn\u00edka Svetov\u00e9ho luter\u00e1nskeho zv\u00e4zu v \u017deneve pre oblas\u0165 Eur\u00f3py. Pr\u00e1cu za\u010dne 1. apr\u00edla 2016. Vo funkcii nahrad\u00ed far\u00e1rku Evu Sibylle Vogel Mfato, ktor\u00e1 ju zast\u00e1vala ostatn\u00fdch desa\u0165 rokov. I. Lukas je absolventom CHAT vo Var\u0161ave, \u0161tudoval aj na Univerzite v Berne a Berl\u00edne, bol \u0161tipendistom GAW v Lipsku, dva roky\u00a0postgradu\u00e1lne \u00a0absolvoval odbor re\u010dn\u00edctva na Divadelnej akad\u00e9mii vo Var\u0161ave. Po ordin\u00e1cii pracoval ako kapl\u00e1n v zbore sv. Trojice vo Var\u0161ave.\u00a0 V r. 2003-2006 bol riadite\u013eom region\u00e1lneho \u00faradu SLZ pre Stredn\u00fa a V\u00fdchodn\u00fa Eur\u00f3pu v Bratislave. V r. 2008 sa stal riadite\u013eom Po\u013eskej ekumenickej rady vo Var\u0161ave. U\u010d\u00ed na CHAT vo Var\u0161ave odbor pedagogiky n\u00e1bo\u017eenstva\u00a0a kult\u00fary ako aj praktickej teol\u00f3gie. R. 2014 z\u00edskal doktor\u00e1t v odbore teol\u00f3gia &#8211; ekumenizmus. Je \u017eenat\u00fd a m\u00e1 dve deti.<\/p>\n<p>(www.luteranie.pl)<\/p>\n<p>&nbsp;<\/p>\n<p>&nbsp;<\/p>\n","protected":false},"excerpt":{"rendered":"<p>I. Lukas bol zvolen\u00fd na post tajomn\u00edka Svetov\u00e9ho luter\u00e1nskeho zv\u00e4zu v \u017deneve pre oblas\u0165 Eur\u00f3py. Pr\u00e1cu za\u010dne 1. apr\u00edla 2016. Vo funkcii nahrad\u00ed far\u00e1rku Evu Sibylle Vogel Mfato, ktor\u00e1 ju zast\u00e1vala ostatn\u00fdch desa\u0165 rokov. I. Lukas je absolventom CHAT vo Var\u0161ave, \u0161tudoval aj na Univerzite v Berne a Berl\u00edne, bol \u0161tipendistom GAW v Lipsku, dva &#8230; <a title=\"Po\u013esk\u00fd far\u00e1r Ireneusz Lukas je nov\u00fdm tajomn\u00edkom SLZ pre Eur\u00f3pu\" class=\"read-more\" href=\"https:\/\/www.e-anjelik.sk\/index.php\/2015\/12\/14\/polsky-farar-ireneusz-lukas-je-novym-tajomnikom-slz-pre-europu\/\" aria-label=\"Pre\u010d\u00edtajte si viac o Po\u013esk\u00fd far\u00e1r Ireneusz Lukas je nov\u00fdm tajomn\u00edkom SLZ pre Eur\u00f3pu\">\u010c\u00edta\u0165 viac<\/a><\/p>\n","protected":false},"author":2,"featured_media":0,"comment_status":"open","ping_status":"open","sticky":false,"template":"","format":"standard","meta":{"footnotes":""},"categories":[2,9,27],"tags":[],"class_list":["post-29593","post","type-post","status-publish","format-standard","hentry","category-ekumena","category-europa","category-slz"],"_links":{"self":[{"href":"https:\/\/www.e-anjelik.sk\/index.php\/wp-json\/wp\/v2\/posts\/29593","targetHints":{"allow":["GET"]}}],"collection":[{"href":"https:\/\/www.e-anjelik.sk\/index.php\/wp-json\/wp\/v2\/posts"}],"about":[{"href":"https:\/\/www.e-anjelik.sk\/index.php\/wp-json\/wp\/v2\/types\/post"}],"author":[{"embeddable":true,"href":"https:\/\/www.e-anjelik.sk\/index.php\/wp-json\/wp\/v2\/users\/2"}],"replies":[{"embeddable":true,"href":"https:\/\/www.e-anjelik.sk\/index.php\/wp-json\/wp\/v2\/comments?post=29593"}],"version-history":[{"count":0,"href":"https:\/\/www.e-anjelik.sk\/index.php\/wp-json\/wp\/v2\/posts\/29593\/revisions"}],"wp:attachment":[{"href":"https:\/\/www.e-anjelik.sk\/index.php\/wp-json\/wp\/v2\/media?parent=29593"}],"wp:term":[{"taxonomy":"category","embeddable":true,"href":"https:\/\/www.e-anjelik.sk\/index.php\/wp-json\/wp\/v2\/categories?post=29593"},{"taxonomy":"post_tag","embeddable":true,"href":"https:\/\/www.e-anjelik.sk\/index.php\/wp-json\/wp\/v2\/tags?post=29593"}],"curies":[{"name":"wp","href":"https:\/\/api.w.org\/{rel}","templated":true}]}}