{"id":29599,"date":"2015-12-14T22:24:14","date_gmt":"2015-12-14T20:24:14","guid":{"rendered":"http:\/\/www.evanjelik.sk\/?p=29599"},"modified":"2015-12-14T22:24:14","modified_gmt":"2015-12-14T20:24:14","slug":"antologia-adventnej-poezie","status":"publish","type":"post","link":"https:\/\/www.e-anjelik.sk\/index.php\/2015\/12\/14\/antologia-adventnej-poezie\/","title":{"rendered":"Vincent Bla\u017eko: Adventn\u00e9 prel\u00fadim"},"content":{"rendered":"<p>Raduj sa, dc\u00e9ra sionsk\u00e1\u2026<br \/>\nS\u00fa domy v rade zlo\u017een\u00e9<br \/>\n\u0160tip\u013eav\u00fd vietor povieva<br \/>\nChum\u00e1\u010diky snehu pri\u017eenie<\/p>\n<p>Z nich Hos\u0165 sa vz\u00e1cny usmieva<br \/>\nZastane m\u00e4kko na dvore<br \/>\nA t\u00ed\u0161ko klope na dvere<br \/>\nRaduj sa, dc\u00e9ra sionsk\u00e1\u2026<!--more--><\/p>\n<p>Dnu \u0161uchot metly \u0161evel\u00ed<br \/>\n\u010cist\u00ed sa mal\u00e1 izbica<br \/>\nOsvieti miestnos\u0165 l\u00fa\u010d svetl\u00fd<br \/>\nV k\u00fate sa to\u010d\u00ed praslica<\/p>\n<p>Zlat\u00fa ni\u0165 pradie mlad\u00e1 ma\u0165<br \/>\nHos\u0165a sa stroj\u00ed priv\u00edta\u0165<br \/>\nRaduj sa, dc\u00e9ra sionsk\u00e1\u2026<\/p>\n<p>Hos\u0165 vz\u00e1cny skromne prich\u00e1dza<br \/>\nNebesk\u00e9 dary v n\u00e1ru\u010d\u00ed<br \/>\nMilosti hviezda vych\u00e1dza<br \/>\nSpoza h\u00f4r \u013eudsk\u00fdch pavu\u010d\u00edn<\/p>\n<p>Z kon\u00e1ra pad\u00e1 jablko,<br \/>\nHad\u00ed zrak planie divoko<br \/>\nRaduj sa, dc\u00e9ra Sionsk\u00e1\u2026<\/p>\n<p>\u0160\u0165ast\u00edm sa chveje matkin ret<br \/>\nRu\u017ea jej kvitne pod srdcom<br \/>\nJe rozpusten\u00fd had\u00ed jed<br \/>\nV k\u00fapeli Slova hor\u00facom<\/p>\n<p>Kr\u00e1\u013eu sionsk\u00fd na osliatku<br \/>\nKr\u00e1\u010da pote\u0161i\u0165 Cirkev matku<br \/>\nRaduj sa, dc\u00e9ra siosk\u00e1\u2026<\/p>\n<p>A znova pr\u00edde\u0161 v oblaku<br \/>\nKu k\u013eu\u010dk\u00e1m na\u0161ich veraj\u00ed<br \/>\nS\u0165a cestuj\u00facim vo vlaku<\/p>\n<p>Zdvihn\u00fa sa rampy pri kraji<br \/>\nHosana Tebe l\u00e1sky Kr\u00e1\u013e<br \/>\n\u017de si nas sp\u00e1sou po\u017eehnal<\/p>\n<p>Ten zmysel ve\u010dnej n\u00e1deje<br \/>\nObli\u010daj mierom poleje<br \/>\nCez okn\u00e1 n\u00e1\u0161ho kiosku<\/p>\n<p>Pote\u0161uj dc\u00e9ru sionsk\u00fa<br \/>\nRaduj sa, dc\u00e9ra sionsk\u00e1\u2026<\/p>\n","protected":false},"excerpt":{"rendered":"<p>Raduj sa, dc\u00e9ra sionsk\u00e1\u2026 S\u00fa domy v rade zlo\u017een\u00e9 \u0160tip\u013eav\u00fd vietor povieva Chum\u00e1\u010diky snehu pri\u017eenie Z nich Hos\u0165 sa vz\u00e1cny usmieva Zastane m\u00e4kko na dvore A t\u00ed\u0161ko klope na dvere Raduj sa, dc\u00e9ra sionsk\u00e1\u2026<\/p>\n","protected":false},"author":4,"featured_media":0,"comment_status":"open","ping_status":"open","sticky":false,"template":"","format":"standard","meta":{"footnotes":""},"categories":[179,1,180,165],"tags":[],"class_list":["post-29599","post","type-post","status-publish","format-standard","hentry","category-advent","category-adventna-modlitba","category-advent-basne","category-poezia-2"],"_links":{"self":[{"href":"https:\/\/www.e-anjelik.sk\/index.php\/wp-json\/wp\/v2\/posts\/29599","targetHints":{"allow":["GET"]}}],"collection":[{"href":"https:\/\/www.e-anjelik.sk\/index.php\/wp-json\/wp\/v2\/posts"}],"about":[{"href":"https:\/\/www.e-anjelik.sk\/index.php\/wp-json\/wp\/v2\/types\/post"}],"author":[{"embeddable":true,"href":"https:\/\/www.e-anjelik.sk\/index.php\/wp-json\/wp\/v2\/users\/4"}],"replies":[{"embeddable":true,"href":"https:\/\/www.e-anjelik.sk\/index.php\/wp-json\/wp\/v2\/comments?post=29599"}],"version-history":[{"count":0,"href":"https:\/\/www.e-anjelik.sk\/index.php\/wp-json\/wp\/v2\/posts\/29599\/revisions"}],"wp:attachment":[{"href":"https:\/\/www.e-anjelik.sk\/index.php\/wp-json\/wp\/v2\/media?parent=29599"}],"wp:term":[{"taxonomy":"category","embeddable":true,"href":"https:\/\/www.e-anjelik.sk\/index.php\/wp-json\/wp\/v2\/categories?post=29599"},{"taxonomy":"post_tag","embeddable":true,"href":"https:\/\/www.e-anjelik.sk\/index.php\/wp-json\/wp\/v2\/tags?post=29599"}],"curies":[{"name":"wp","href":"https:\/\/api.w.org\/{rel}","templated":true}]}}