{"id":29612,"date":"2015-12-14T23:45:21","date_gmt":"2015-12-14T21:45:21","guid":{"rendered":"http:\/\/www.evanjelik.sk\/?p=29612"},"modified":"2015-12-14T23:45:21","modified_gmt":"2015-12-14T21:45:21","slug":"michl-slavka-ak","status":"publish","type":"post","link":"https:\/\/www.e-anjelik.sk\/index.php\/2015\/12\/14\/michl-slavka-ak\/","title":{"rendered":"Michal Slavka: &#8222;Ak&#8220;"},"content":{"rendered":"<p>Ak by som r\u00e1no oslepol,<br \/>\nposledn\u00fa t\u00fa\u017ebu spl\u0148 mi;<br \/>\nNech hviezdu vid\u00edm betlehemsk\u00fa<br \/>\nnad na\u0161imi st\u00e1\u0165 humny.<\/p>\n<p>Ak by som hluch\u00fdm mal by\u0165 dnes,<br \/>\nv prosbe sa srdce schveje:<br \/>\nv hluchn\u00facom uchu anjelskej<br \/>\npiesne nech akord zneje.<\/p>\n<p>Ak maj\u00fa nohy zmeravie\u0165,<br \/>\n\u017eiadam si, mil\u00fd Pane,<br \/>\nnech pobiede sa dotiahnem<br \/>\ns pastiermi k Tvojej br\u00e1ne.<\/p>\n<p>Tam \u010daka\u0165 budem na Ruky,<br \/>\n\u010do o\u010di n\u00e1m vymenia<br \/>\nv\u0161etk\u00fdm, ktor\u00ed sme \u010dakali<br \/>\nna r\u00e1no Narodenia!<\/p>\n","protected":false},"excerpt":{"rendered":"<p>Ak by som r\u00e1no oslepol, posledn\u00fa t\u00fa\u017ebu spl\u0148 mi; Nech hviezdu vid\u00edm betlehemsk\u00fa nad na\u0161imi st\u00e1\u0165 humny. Ak by som hluch\u00fdm mal by\u0165 dnes, v prosbe sa srdce schveje: v hluchn\u00facom uchu anjelskej piesne nech akord zneje. Ak maj\u00fa nohy zmeravie\u0165, \u017eiadam si, mil\u00fd Pane, nech pobiede sa dotiahnem s pastiermi k Tvojej br\u00e1ne. Tam &#8230; <a title=\"Michal Slavka: &#8222;Ak&#8220;\" class=\"read-more\" href=\"https:\/\/www.e-anjelik.sk\/index.php\/2015\/12\/14\/michl-slavka-ak\/\" aria-label=\"Pre\u010d\u00edtajte si viac o Michal Slavka: &#8222;Ak&#8220;\">\u010c\u00edta\u0165 viac<\/a><\/p>\n","protected":false},"author":4,"featured_media":0,"comment_status":"open","ping_status":"open","sticky":false,"template":"","format":"standard","meta":{"footnotes":""},"categories":[179,180,165],"tags":[],"class_list":["post-29612","post","type-post","status-publish","format-standard","hentry","category-advent","category-advent-basne","category-poezia-2"],"_links":{"self":[{"href":"https:\/\/www.e-anjelik.sk\/index.php\/wp-json\/wp\/v2\/posts\/29612","targetHints":{"allow":["GET"]}}],"collection":[{"href":"https:\/\/www.e-anjelik.sk\/index.php\/wp-json\/wp\/v2\/posts"}],"about":[{"href":"https:\/\/www.e-anjelik.sk\/index.php\/wp-json\/wp\/v2\/types\/post"}],"author":[{"embeddable":true,"href":"https:\/\/www.e-anjelik.sk\/index.php\/wp-json\/wp\/v2\/users\/4"}],"replies":[{"embeddable":true,"href":"https:\/\/www.e-anjelik.sk\/index.php\/wp-json\/wp\/v2\/comments?post=29612"}],"version-history":[{"count":0,"href":"https:\/\/www.e-anjelik.sk\/index.php\/wp-json\/wp\/v2\/posts\/29612\/revisions"}],"wp:attachment":[{"href":"https:\/\/www.e-anjelik.sk\/index.php\/wp-json\/wp\/v2\/media?parent=29612"}],"wp:term":[{"taxonomy":"category","embeddable":true,"href":"https:\/\/www.e-anjelik.sk\/index.php\/wp-json\/wp\/v2\/categories?post=29612"},{"taxonomy":"post_tag","embeddable":true,"href":"https:\/\/www.e-anjelik.sk\/index.php\/wp-json\/wp\/v2\/tags?post=29612"}],"curies":[{"name":"wp","href":"https:\/\/api.w.org\/{rel}","templated":true}]}}