{"id":29615,"date":"2015-12-15T00:21:54","date_gmt":"2015-12-14T22:21:54","guid":{"rendered":"http:\/\/www.evanjelik.sk\/?p=29615"},"modified":"2015-12-15T00:21:54","modified_gmt":"2015-12-14T22:21:54","slug":"maria-v-nasich-adventnych-piesnach","status":"publish","type":"post","link":"https:\/\/www.e-anjelik.sk\/index.php\/2015\/12\/15\/maria-v-nasich-adventnych-piesnach\/","title":{"rendered":"M\u00e1ria v na\u0161ich adventn\u00fdch pies\u0148ach\u00a0"},"content":{"rendered":"<p>K na\u0161im adventn\u00fdm pies\u0148am bohat\u00e9ho obsahu a s n\u00e1le\u017eitou \u00factou k panne M\u00e1rii patria aj zvl\u00e1\u0161tne, osobit\u00e9 a kr\u00e1sne adventn\u00e9 n\u00e1pevy. V\u0161etky m\u00f4\u017eeme s duchovn\u00fdm \u00fa\u017eitkom spieva\u0165 aj v tohtoro\u010dnom advente.<\/p>\n<ol>\n<li>\n<h2><b class=\"\">ESP \u010d.4, v.2:\u00a0<\/b><\/h2>\n<p><i class=\"\">( N\u00e1pev: Ver\u00edme v jedn\u00e9ho Boha)<\/i><\/li>\n<\/ol>\n<div class=\"\">Ver\u00edme i v Syna Jeho, Krista Je\u017ei\u0161a &#8211; Kr\u00e1\u013ea,<\/div>\n<div class=\"\">ktor\u00e9ho z Ducha Sv\u00e4t\u00e9ho \u010dist\u00e1 Panna po\u010dala;<\/div>\n<div class=\"\">Boh Ho svetu v prav\u00fd \u010das dal,<\/div>\n<div class=\"\">Spasite\u013e v \u0147om m\u00e1me,<\/div>\n<div class=\"\">lebo On je ten, \u010do pr\u00eds\u0165 mal;<\/div>\n<ol>\n<li>in\u00e9ho ne\u010dak\u00e1me. \u00a0 (J.Tranovsk\u00fd)<\/li>\n<\/ol>\n<div class=\"\"><\/div>\n<h2>2.\u00a0<b class=\"\">ESP \u010d. 7, v.1:<\/b><i class=\"\">\u00a0(Kanc.J.Muzofilla 1585)<\/i><\/h2>\n<div class=\"\"><\/div>\n<div class=\"\">\u010co M\u00e1ria Panna<\/div>\n<div class=\"\">z moci n\u00e1\u0161ho P\u00e1na,<\/div>\n<div class=\"\">vo viere si ist\u00e1,<\/div>\n<div class=\"\">\u017ee po\u010dala Krista,<\/div>\n<div class=\"\">spievala s rados\u0165ou;<\/div>\n<div class=\"\">to i v na\u0161ich srdciach<\/div>\n<div class=\"\">zaznej s \u00faprimnos\u0165ou.<\/div>\n<div class=\"\"><\/div>\n<div class=\"\">Du\u0161a mi veleb\u00ed<\/div>\n<div class=\"\">P\u00e1na Boha v nebi<\/div>\n<div class=\"\">za milos\u0165 zhaven\u00fa,<\/div>\n<div class=\"\">za rados\u0165 mi dan\u00fa,<\/div>\n<div class=\"\">\u017ee mi pon\u00ed\u017eenie<\/div>\n<div class=\"\">z daru Jeho l\u00e1sky<\/div>\n<div class=\"\">sl\u00fa\u017ei na spasenie.<\/div>\n<div class=\"\"><\/div>\n<div class=\"\">Pre \u010des\u0165 Jeho mena,<\/div>\n<div class=\"\">ha, blahoslaven\u00e1<\/div>\n<div class=\"\">budem medzi \u013eu\u010fmi,<\/div>\n<div class=\"\">v\u0161etk\u00fdmi \u00e1rodmi,<\/div>\n<div class=\"\">d\u013ea predivnej rady<\/div>\n<div class=\"\">Otca nebesk\u00e9ho,<\/div>\n<div class=\"\">slu\u017eobnica Jeho.<\/div>\n<div class=\"\"><\/div>\n<div class=\"\">\u00a0(J.Chalupka)<\/div>\n<div class=\"\"><\/div>\n<div class=\"\"><\/div>\n<h2><b class=\"\">3. ESP \u010d. 19, 2:\u00a0<\/b><i class=\"\">(Erfurt 1524)<\/i><\/h2>\n<div class=\"\"><\/div>\n<div class=\"\">Nie z \u010dloveka hrie\u0161neho,<\/div>\n<div class=\"\">ale z Ducha Sv\u00e4t\u00e9ho<\/div>\n<div class=\"\">\u017eivot z pre\u010distej Panny,<\/div>\n<div class=\"\">Bohom bol po\u017eehnan\u00fd.<\/div>\n<div class=\"\"><\/div>\n<div class=\"\">(M.Luther)<\/div>\n<div class=\"\"><\/div>\n<h2>4.\u00a0<b class=\"\">ESP \u010d.29,2:\u00a0<\/b><i class=\"\">(1531)<\/i><\/h2>\n<div class=\"\"><\/div>\n<div class=\"\">Anjel nav\u0161t\u00edvil M\u00e1riu,<\/div>\n<div class=\"\">lebo Boh s\u00e1m vyvolil ju,<\/div>\n<div class=\"\">aby ona &#8211; Panna \u010dist\u00e1<\/div>\n<div class=\"\">porodila Jezu Krista.<\/div>\n<div class=\"\"><\/div>\n<div class=\"\">M\u00e1ria t\u00fa zves\u0165 prijala,<\/div>\n<div class=\"\">z Ducha Sv\u00e4t\u00e9ho po\u010dala,<\/div>\n<div class=\"\">uverila, \u017ee sa stane,<\/div>\n<div class=\"\">\u010do bolo jej zvestovan\u00e9.<\/div>\n<div class=\"\"><\/div>\n<div class=\"\">Pokorn\u00fa M\u00e1riu Pannu<\/div>\n<div class=\"\">Hospodinom po\u017eehnan\u00fa<\/div>\n<div class=\"\">n\u00e1le\u017eito aj my ct\u00edme,<\/div>\n<div class=\"\">jej poslu\u0161nos\u0165 si cen\u00edme.<\/div>\n<div class=\"\"><\/div>\n<div class=\"\">S \u0148ou du\u0161a na\u0161a veleb\u00ed<\/div>\n<div class=\"\">Otca dobr\u00e9ho na nebi,<\/div>\n<div class=\"\">\u017ee zhliadol s ls\u00e1kou z v\u00fdsosti<\/div>\n<div class=\"\">a dal n\u00e1m Syna z milosti.<\/div>\n<div class=\"\"><\/div>\n<div class=\"\">( Juraj Tranovsk\u00fd)<\/div>\n<div class=\"\"><\/div>\n<div class=\"\"><\/div>\n","protected":false},"excerpt":{"rendered":"<p>K na\u0161im adventn\u00fdm pies\u0148am bohat\u00e9ho obsahu a s n\u00e1le\u017eitou \u00factou k panne M\u00e1rii patria aj zvl\u00e1\u0161tne, osobit\u00e9 a kr\u00e1sne adventn\u00e9 n\u00e1pevy. V\u0161etky m\u00f4\u017eeme s duchovn\u00fdm \u00fa\u017eitkom spieva\u0165 aj v tohtoro\u010dnom advente. ESP \u010d.4, v.2:\u00a0 ( N\u00e1pev: Ver\u00edme v jedn\u00e9ho Boha) Ver\u00edme i v Syna Jeho, Krista Je\u017ei\u0161a &#8211; Kr\u00e1\u013ea, ktor\u00e9ho z Ducha Sv\u00e4t\u00e9ho \u010dist\u00e1 Panna &#8230; <a title=\"M\u00e1ria v na\u0161ich adventn\u00fdch pies\u0148ach\u00a0\" class=\"read-more\" href=\"https:\/\/www.e-anjelik.sk\/index.php\/2015\/12\/15\/maria-v-nasich-adventnych-piesnach\/\" aria-label=\"Pre\u010d\u00edtajte si viac o M\u00e1ria v na\u0161ich adventn\u00fdch pies\u0148ach\u00a0\">\u010c\u00edta\u0165 viac<\/a><\/p>\n","protected":false},"author":5,"featured_media":0,"comment_status":"open","ping_status":"closed","sticky":false,"template":"","format":"standard","meta":{"footnotes":""},"categories":[179,180,24],"tags":[],"class_list":["post-29615","post","type-post","status-publish","format-standard","hentry","category-advent","category-advent-basne","category-cirkevna-hudba"],"_links":{"self":[{"href":"https:\/\/www.e-anjelik.sk\/index.php\/wp-json\/wp\/v2\/posts\/29615","targetHints":{"allow":["GET"]}}],"collection":[{"href":"https:\/\/www.e-anjelik.sk\/index.php\/wp-json\/wp\/v2\/posts"}],"about":[{"href":"https:\/\/www.e-anjelik.sk\/index.php\/wp-json\/wp\/v2\/types\/post"}],"author":[{"embeddable":true,"href":"https:\/\/www.e-anjelik.sk\/index.php\/wp-json\/wp\/v2\/users\/5"}],"replies":[{"embeddable":true,"href":"https:\/\/www.e-anjelik.sk\/index.php\/wp-json\/wp\/v2\/comments?post=29615"}],"version-history":[{"count":0,"href":"https:\/\/www.e-anjelik.sk\/index.php\/wp-json\/wp\/v2\/posts\/29615\/revisions"}],"wp:attachment":[{"href":"https:\/\/www.e-anjelik.sk\/index.php\/wp-json\/wp\/v2\/media?parent=29615"}],"wp:term":[{"taxonomy":"category","embeddable":true,"href":"https:\/\/www.e-anjelik.sk\/index.php\/wp-json\/wp\/v2\/categories?post=29615"},{"taxonomy":"post_tag","embeddable":true,"href":"https:\/\/www.e-anjelik.sk\/index.php\/wp-json\/wp\/v2\/tags?post=29615"}],"curies":[{"name":"wp","href":"https:\/\/api.w.org\/{rel}","templated":true}]}}