{"id":2965,"date":"2010-08-17T12:03:43","date_gmt":"2010-08-17T12:03:43","guid":{"rendered":"http:\/\/e-anjelik.sk\/?p=2965"},"modified":"2010-08-17T12:03:43","modified_gmt":"2010-08-17T12:03:43","slug":"800-soch-martina-luthera-na-namesti-vo-wittembergu","status":"publish","type":"post","link":"https:\/\/www.e-anjelik.sk\/index.php\/2010\/08\/17\/800-soch-martina-luthera-na-namesti-vo-wittembergu\/","title":{"rendered":"800 s\u00f4ch Martina Luthera na n\u00e1mest\u00ed vo Wittembergu"},"content":{"rendered":"<p>K 500. v&yacute;ro\u010diu Refom&aacute;cie M.Luthera v r. 2017 zorganizovali umeleck&uacute; v&yacute;stavu 800 farebn&yacute;ch post&aacute;v M.Luthera pod\u013ea predlohy sochy vo Wittenbergu. Vystaven&eacute; sochy sa teraz nach&aacute;dzaj&uacute; na n&aacute;mest&iacute; Marktplatz. V&yacute;stava sa nesie pod heslom:&quot;Tu stoj&iacute;m&quot;. Ideov&yacute;m autorom n&aacute;padu je umelec Ottmar Hoelz. Akciu zorganizovala EKD spolu s magistr&aacute;tom mesta. N&aacute;klady zn&aacute;&scaron;a s&aacute;m autor, ktor&yacute; po 12.septembri sochy rozpred&aacute; z&aacute;ujemcom po 25O&nbsp;Euro.<\/p>\n<p>(<a href=\"http:\/\/www.ekd.de\">www.ekd.de<\/a>)<\/p>\n","protected":false},"excerpt":{"rendered":"<p>K 500. v&yacute;ro\u010diu Refom&aacute;cie M.Luthera v r. 2017 zorganizovali umeleck&uacute; v&yacute;stavu 800 farebn&yacute;ch post&aacute;v M.Luthera pod\u013ea predlohy sochy vo Wittenbergu. Vystaven&eacute; sochy sa teraz nach&aacute;dzaj&uacute; na n&aacute;mest&iacute; Marktplatz. V&yacute;stava sa nesie pod heslom:&quot;Tu stoj&iacute;m&quot;. Ideov&yacute;m autorom n&aacute;padu je umelec Ottmar Hoelz. Akciu zorganizovala EKD spolu s magistr&aacute;tom mesta. N&aacute;klady zn&aacute;&scaron;a s&aacute;m autor, ktor&yacute; po 12.septembri &#8230; <a title=\"800 s\u00f4ch Martina Luthera na n\u00e1mest\u00ed vo Wittembergu\" class=\"read-more\" href=\"https:\/\/www.e-anjelik.sk\/index.php\/2010\/08\/17\/800-soch-martina-luthera-na-namesti-vo-wittembergu\/\" aria-label=\"Pre\u010d\u00edtajte si viac o 800 s\u00f4ch Martina Luthera na n\u00e1mest\u00ed vo Wittembergu\">\u010c\u00edta\u0165 viac<\/a><\/p>\n","protected":false},"author":22,"featured_media":0,"comment_status":"open","ping_status":"open","sticky":false,"template":"","format":"standard","meta":{"footnotes":""},"categories":[9,10],"tags":[],"class_list":["post-2965","post","type-post","status-publish","format-standard","hentry","category-europa","category-zo-sveta"],"_links":{"self":[{"href":"https:\/\/www.e-anjelik.sk\/index.php\/wp-json\/wp\/v2\/posts\/2965","targetHints":{"allow":["GET"]}}],"collection":[{"href":"https:\/\/www.e-anjelik.sk\/index.php\/wp-json\/wp\/v2\/posts"}],"about":[{"href":"https:\/\/www.e-anjelik.sk\/index.php\/wp-json\/wp\/v2\/types\/post"}],"author":[{"embeddable":true,"href":"https:\/\/www.e-anjelik.sk\/index.php\/wp-json\/wp\/v2\/users\/22"}],"replies":[{"embeddable":true,"href":"https:\/\/www.e-anjelik.sk\/index.php\/wp-json\/wp\/v2\/comments?post=2965"}],"version-history":[{"count":0,"href":"https:\/\/www.e-anjelik.sk\/index.php\/wp-json\/wp\/v2\/posts\/2965\/revisions"}],"wp:attachment":[{"href":"https:\/\/www.e-anjelik.sk\/index.php\/wp-json\/wp\/v2\/media?parent=2965"}],"wp:term":[{"taxonomy":"category","embeddable":true,"href":"https:\/\/www.e-anjelik.sk\/index.php\/wp-json\/wp\/v2\/categories?post=2965"},{"taxonomy":"post_tag","embeddable":true,"href":"https:\/\/www.e-anjelik.sk\/index.php\/wp-json\/wp\/v2\/tags?post=2965"}],"curies":[{"name":"wp","href":"https:\/\/api.w.org\/{rel}","templated":true}]}}