{"id":29652,"date":"2015-12-17T11:06:14","date_gmt":"2015-12-17T09:06:14","guid":{"rendered":"http:\/\/www.evanjelik.sk\/?p=29652"},"modified":"2015-12-17T11:06:14","modified_gmt":"2015-12-17T09:06:14","slug":"radio-devin-vianoce-so-zuzanou-tkacikovou","status":"publish","type":"post","link":"https:\/\/www.e-anjelik.sk\/index.php\/2015\/12\/17\/radio-devin-vianoce-so-zuzanou-tkacikovou\/","title":{"rendered":"R\u00e1dio Dev\u00edn: Vianoce so Zuzanou Tk\u00e1\u010dikovou"},"content":{"rendered":"<p>Ak\u00fd v\u00fdznam maj\u00fa pre n\u00e1s Vianoce? Ktor\u00e9 zvyky si zachov\u00e1vame v na\u0161ej kult\u00fare, ktor\u00e9 poch\u00e1dzaj\u00fa z na\u0161ej p\u00f4vodnej rodiny a ak\u00e9 sme si vytvorili sami? Podliehame zhonu, \u010di sk\u00f4r spiritu\u00e1lnemu h\u013abaniu? Po\u010d\u00favajte <b>Vianoce so Zuzanou Tk\u00e1\u010dikovou<\/b> <i>a jej hos\u0165ami<\/i>: s dekanom Evanjelickej bohosloveckej fakulty &#8211; <b>\u013dubom\u00edrom Batkom<\/b>, s jazzmanom <b>Nikolajom Nikitinom<\/b> a spisovate\u013eom a re\u017eis\u00e9rom <b>Lacom Keratom<\/b>.<br \/>\nV r\u00e1diu Dev\u00edn, na \u0160tedr\u00fd ve\u010der, <u>24. decembra o 16:00<\/u><\/p>\n<p>&nbsp;<\/p>\n","protected":false},"excerpt":{"rendered":"<p>Ak\u00fd v\u00fdznam maj\u00fa pre n\u00e1s Vianoce? Ktor\u00e9 zvyky si zachov\u00e1vame v na\u0161ej kult\u00fare, ktor\u00e9 poch\u00e1dzaj\u00fa z na\u0161ej p\u00f4vodnej rodiny a ak\u00e9 sme si vytvorili sami? Podliehame zhonu, \u010di sk\u00f4r spiritu\u00e1lnemu h\u013abaniu? Po\u010d\u00favajte Vianoce so Zuzanou Tk\u00e1\u010dikovou a jej hos\u0165ami: s dekanom Evanjelickej bohosloveckej fakulty &#8211; \u013dubom\u00edrom Batkom, s jazzmanom Nikolajom Nikitinom a spisovate\u013eom a re\u017eis\u00e9rom &#8230; <a title=\"R\u00e1dio Dev\u00edn: Vianoce so Zuzanou Tk\u00e1\u010dikovou\" class=\"read-more\" href=\"https:\/\/www.e-anjelik.sk\/index.php\/2015\/12\/17\/radio-devin-vianoce-so-zuzanou-tkacikovou\/\" aria-label=\"Pre\u010d\u00edtajte si viac o R\u00e1dio Dev\u00edn: Vianoce so Zuzanou Tk\u00e1\u010dikovou\">\u010c\u00edta\u0165 viac<\/a><\/p>\n","protected":false},"author":5,"featured_media":0,"comment_status":"open","ping_status":"closed","sticky":false,"template":"","format":"standard","meta":{"footnotes":""},"categories":[159],"tags":[],"class_list":["post-29652","post","type-post","status-publish","format-standard","hentry","category-vianoce"],"_links":{"self":[{"href":"https:\/\/www.e-anjelik.sk\/index.php\/wp-json\/wp\/v2\/posts\/29652","targetHints":{"allow":["GET"]}}],"collection":[{"href":"https:\/\/www.e-anjelik.sk\/index.php\/wp-json\/wp\/v2\/posts"}],"about":[{"href":"https:\/\/www.e-anjelik.sk\/index.php\/wp-json\/wp\/v2\/types\/post"}],"author":[{"embeddable":true,"href":"https:\/\/www.e-anjelik.sk\/index.php\/wp-json\/wp\/v2\/users\/5"}],"replies":[{"embeddable":true,"href":"https:\/\/www.e-anjelik.sk\/index.php\/wp-json\/wp\/v2\/comments?post=29652"}],"version-history":[{"count":0,"href":"https:\/\/www.e-anjelik.sk\/index.php\/wp-json\/wp\/v2\/posts\/29652\/revisions"}],"wp:attachment":[{"href":"https:\/\/www.e-anjelik.sk\/index.php\/wp-json\/wp\/v2\/media?parent=29652"}],"wp:term":[{"taxonomy":"category","embeddable":true,"href":"https:\/\/www.e-anjelik.sk\/index.php\/wp-json\/wp\/v2\/categories?post=29652"},{"taxonomy":"post_tag","embeddable":true,"href":"https:\/\/www.e-anjelik.sk\/index.php\/wp-json\/wp\/v2\/tags?post=29652"}],"curies":[{"name":"wp","href":"https:\/\/api.w.org\/{rel}","templated":true}]}}