{"id":29659,"date":"2016-11-28T07:38:45","date_gmt":"2016-11-28T06:38:45","guid":{"rendered":"http:\/\/www.evanjelik.sk\/?p=29659"},"modified":"2016-11-28T10:25:39","modified_gmt":"2016-11-28T09:25:39","slug":"martin-razus-adventna-2","status":"publish","type":"post","link":"https:\/\/www.e-anjelik.sk\/index.php\/2016\/11\/28\/martin-razus-adventna-2\/","title":{"rendered":"Martin R\u00e1zus: Adventn\u00e1"},"content":{"rendered":"<p>T\u00e1 cesta Tvoja, Pane n\u00e1\u0161,<br \/>\nn\u00e1s ve\u010dne s Tebou sp\u00e1ja,<br \/>\nTy s\u00e1m n\u00e1s po nej vodieva\u0161<br \/>\na uvies\u0165 chce\u0161 do raja.<br \/>\nAch, ve\u010f n\u00e1s, drah\u00fd, cestou tou,<br \/>\na obdar l\u00e1skou presv\u00e4tou,<br \/>\njej sily nech n\u00e1s h\u00e1ja!<br \/>\nNie koji\u0165 hrie\u0161nu zvedavos\u0165,<br \/>\nle\u017e posilu n\u00e1js\u0165 v boji,<br \/>\na po\u010du\u0165 Teba, nebies Hos\u0165,<br \/>\n\u010do \u017eivot pre n\u00e1s stroj\u00ed.<br \/>\nA v Tvojom hlase pozna\u0165 cie\u013e,<br \/>\n\u010do si n\u00e1m v\u0161etk\u00fdm zjavi\u0165 chcel<br \/>\nv tom sveta nepokoji.<br \/>\nPraj pote\u0161enie \u010derpa\u0165 t\u00fdm,<br \/>\n\u010do i dnes slzy ronia,<br \/>\nzmietan\u00fdm biedou, chudobn\u00fdm,<br \/>\nv ich du\u0161i sm\u00fatkov t\u00f4\u0148a&#8230;<br \/>\nK sirot\u00e1m, vdov\u00e1m, nemocn\u00fdm<br \/>\nsklo\u0148 sa s\u00e1m slovom premocn\u00fdm<br \/>\nke\u010f b\u00f4le zvonom zvonia!<br \/>\nTak daj sa chysta\u0165 v\u0161etk\u00fdm n\u00e1m,<br \/>\nprija\u0165 \u0164a, Pane mil\u00fd &#8211;<br \/>\nPopraj, \u010do treba k Vianociam,<br \/>\npokoja, zdravia, sily! &#8211;<br \/>\nNech sv\u00e4t\u00edme, jak s\u00e1m Ty chce\u0161,<br \/>\ni k\u00fdm n\u00e1s k sebe nevezme\u0161 &#8211;<br \/>\nv tej ve\u013ekej &#8211; sv\u00e4tej chv\u00edli! Amen<\/p>\n","protected":false},"excerpt":{"rendered":"<p>T\u00e1 cesta Tvoja, Pane n\u00e1\u0161, n\u00e1s ve\u010dne s Tebou sp\u00e1ja, Ty s\u00e1m n\u00e1s po nej vodieva\u0161 a uvies\u0165 chce\u0161 do raja. Ach, ve\u010f n\u00e1s, drah\u00fd, cestou tou, a obdar l\u00e1skou presv\u00e4tou, jej sily nech n\u00e1s h\u00e1ja! Nie koji\u0165 hrie\u0161nu zvedavos\u0165, le\u017e posilu n\u00e1js\u0165 v boji, a po\u010du\u0165 Teba, nebies Hos\u0165, \u010do \u017eivot pre n\u00e1s stroj\u00ed. &#8230; <a title=\"Martin R\u00e1zus: Adventn\u00e1\" class=\"read-more\" href=\"https:\/\/www.e-anjelik.sk\/index.php\/2016\/11\/28\/martin-razus-adventna-2\/\" aria-label=\"Pre\u010d\u00edtajte si viac o Martin R\u00e1zus: Adventn\u00e1\">\u010c\u00edta\u0165 viac<\/a><\/p>\n","protected":false},"author":5,"featured_media":0,"comment_status":"open","ping_status":"closed","sticky":false,"template":"","format":"standard","meta":{"footnotes":""},"categories":[179,180],"tags":[],"class_list":["post-29659","post","type-post","status-publish","format-standard","hentry","category-advent","category-advent-basne"],"_links":{"self":[{"href":"https:\/\/www.e-anjelik.sk\/index.php\/wp-json\/wp\/v2\/posts\/29659","targetHints":{"allow":["GET"]}}],"collection":[{"href":"https:\/\/www.e-anjelik.sk\/index.php\/wp-json\/wp\/v2\/posts"}],"about":[{"href":"https:\/\/www.e-anjelik.sk\/index.php\/wp-json\/wp\/v2\/types\/post"}],"author":[{"embeddable":true,"href":"https:\/\/www.e-anjelik.sk\/index.php\/wp-json\/wp\/v2\/users\/5"}],"replies":[{"embeddable":true,"href":"https:\/\/www.e-anjelik.sk\/index.php\/wp-json\/wp\/v2\/comments?post=29659"}],"version-history":[{"count":1,"href":"https:\/\/www.e-anjelik.sk\/index.php\/wp-json\/wp\/v2\/posts\/29659\/revisions"}],"predecessor-version":[{"id":31006,"href":"https:\/\/www.e-anjelik.sk\/index.php\/wp-json\/wp\/v2\/posts\/29659\/revisions\/31006"}],"wp:attachment":[{"href":"https:\/\/www.e-anjelik.sk\/index.php\/wp-json\/wp\/v2\/media?parent=29659"}],"wp:term":[{"taxonomy":"category","embeddable":true,"href":"https:\/\/www.e-anjelik.sk\/index.php\/wp-json\/wp\/v2\/categories?post=29659"},{"taxonomy":"post_tag","embeddable":true,"href":"https:\/\/www.e-anjelik.sk\/index.php\/wp-json\/wp\/v2\/tags?post=29659"}],"curies":[{"name":"wp","href":"https:\/\/api.w.org\/{rel}","templated":true}]}}