{"id":29663,"date":"2015-12-18T07:41:35","date_gmt":"2015-12-18T05:41:35","guid":{"rendered":"http:\/\/www.evanjelik.sk\/?p=29663"},"modified":"2015-12-18T07:41:35","modified_gmt":"2015-12-18T05:41:35","slug":"daniela-horinkova-adventny-veniec-2","status":"publish","type":"post","link":"https:\/\/www.e-anjelik.sk\/index.php\/2015\/12\/18\/daniela-horinkova-adventny-veniec-2\/","title":{"rendered":"Daniela Hor\u00ednkov\u00e1: Adventn\u00fd veniec"},"content":{"rendered":"<p>\u010cas posv\u00e4tn\u00fd dnes op\u00e4\u0165 v\u00edtame<br \/>\na jeho symbol &#8211; veniec adventn\u00fd.<br \/>\nNa per\u00e1ch piesne, modlitby<br \/>\nnech sprev\u00e1dzaj\u00fa jeho tmav\u00e9 dni.<\/p>\n<p>V\u0161ak do tmy prv\u00e9 svetlo za\u017enime<br \/>\na svieca t\u00e1 nech jasne d\u00f4vod\u00ed:<br \/>\nPripravi\u0165 treba srdcia \u00faprimn\u00e9<br \/>\nna pr\u00edchod Krista &#8211; svetlo pre \u013eud\u00ed.<\/p>\n<p>Ve\u010dnosti kruh a farba \u017eivota<br \/>\ns\u00fa znakmi adventn\u00e9ho venca.<br \/>\nSvetielko sviece na \u0148om mihot\u00e1<br \/>\na vonia zele\u0148 nev\u00e4dn\u00faca.<\/p>\n<p>Ten plamienok tak vr\u00facne pl\u00e1pol\u00e1,<br \/>\ns\u0165a Bo\u017eie slovo pln\u00e9 l\u00e1sky.<br \/>\nZvol\u00e1va v\u0161etk\u00fdch svojich do kola,<br \/>\nvytv\u00e1ra\u0165 Bo\u017e\u00edch dietok zv\u00e4zky.<\/p>\n<p>Advent &#8211; \u010das n\u00e1deje a milosti,<br \/>\n\u010das pr\u00edpravy na stretnutie s P\u00e1nom,<br \/>\nTo Svetlo hrie\u0161nych uhost\u00ed,<br \/>\nzasvieti znova dne\u0161n\u00fdm r\u00e1nom.<\/p>\n<p>Ono n\u00e1m priaze\u0148 Otcovu n\u00faka<br \/>\na do kr\u00e1\u013eovstva Jeho pozvanie.<br \/>\nSvetielkom tepl\u00fdm Bo\u017eia sa ruka<br \/>\ndot\u00fdka s\u0155dc a n\u00faka zmilovanie.<\/p>\n<p>Na \u0161tvrt\u00fa adventn\u00fa nede\u013eu<br \/>\nsa v\u0161etky svie\u010dky \u017eivo rozhoria.<br \/>\nSvietiace \u010distotou \u00fabe\u013eu<br \/>\nn\u00e1m teraz spolu pr\u00e1ve hovoria:<br \/>\nTo ve\u013ek\u00e9 svetlo, viano\u010dn\u00e1 hviezda,<br \/>\n\u010do v\u0161etky hviezdy prev\u00fd\u0161i,<br \/>\nje celkom bl\u00edzko, hoci sa nezd\u00e1<br \/>\na \u017eiari \u013eudstvu v Kristu Je\u017ei\u0161i.<\/p>\n","protected":false},"excerpt":{"rendered":"<p>\u010cas posv\u00e4tn\u00fd dnes op\u00e4\u0165 v\u00edtame a jeho symbol &#8211; veniec adventn\u00fd. Na per\u00e1ch piesne, modlitby nech sprev\u00e1dzaj\u00fa jeho tmav\u00e9 dni. V\u0161ak do tmy prv\u00e9 svetlo za\u017enime a svieca t\u00e1 nech jasne d\u00f4vod\u00ed: Pripravi\u0165 treba srdcia \u00faprimn\u00e9 na pr\u00edchod Krista &#8211; svetlo pre \u013eud\u00ed. Ve\u010dnosti kruh a farba \u017eivota s\u00fa znakmi adventn\u00e9ho venca. Svetielko sviece na &#8230; <a title=\"Daniela Hor\u00ednkov\u00e1: Adventn\u00fd veniec\" class=\"read-more\" href=\"https:\/\/www.e-anjelik.sk\/index.php\/2015\/12\/18\/daniela-horinkova-adventny-veniec-2\/\" aria-label=\"Pre\u010d\u00edtajte si viac o Daniela Hor\u00ednkov\u00e1: Adventn\u00fd veniec\">\u010c\u00edta\u0165 viac<\/a><\/p>\n","protected":false},"author":5,"featured_media":0,"comment_status":"open","ping_status":"closed","sticky":false,"template":"","format":"standard","meta":{"footnotes":""},"categories":[179,180],"tags":[],"class_list":["post-29663","post","type-post","status-publish","format-standard","hentry","category-advent","category-advent-basne"],"_links":{"self":[{"href":"https:\/\/www.e-anjelik.sk\/index.php\/wp-json\/wp\/v2\/posts\/29663","targetHints":{"allow":["GET"]}}],"collection":[{"href":"https:\/\/www.e-anjelik.sk\/index.php\/wp-json\/wp\/v2\/posts"}],"about":[{"href":"https:\/\/www.e-anjelik.sk\/index.php\/wp-json\/wp\/v2\/types\/post"}],"author":[{"embeddable":true,"href":"https:\/\/www.e-anjelik.sk\/index.php\/wp-json\/wp\/v2\/users\/5"}],"replies":[{"embeddable":true,"href":"https:\/\/www.e-anjelik.sk\/index.php\/wp-json\/wp\/v2\/comments?post=29663"}],"version-history":[{"count":0,"href":"https:\/\/www.e-anjelik.sk\/index.php\/wp-json\/wp\/v2\/posts\/29663\/revisions"}],"wp:attachment":[{"href":"https:\/\/www.e-anjelik.sk\/index.php\/wp-json\/wp\/v2\/media?parent=29663"}],"wp:term":[{"taxonomy":"category","embeddable":true,"href":"https:\/\/www.e-anjelik.sk\/index.php\/wp-json\/wp\/v2\/categories?post=29663"},{"taxonomy":"post_tag","embeddable":true,"href":"https:\/\/www.e-anjelik.sk\/index.php\/wp-json\/wp\/v2\/tags?post=29663"}],"curies":[{"name":"wp","href":"https:\/\/api.w.org\/{rel}","templated":true}]}}