{"id":29673,"date":"2015-12-18T10:29:59","date_gmt":"2015-12-18T08:29:59","guid":{"rendered":"http:\/\/www.evanjelik.sk\/?p=29673"},"modified":"2015-12-18T10:29:59","modified_gmt":"2015-12-18T08:29:59","slug":"evanjelicke-sluzby-bozie-pocas-vianoc-v-rozhlase-a-televiziach","status":"publish","type":"post","link":"https:\/\/www.e-anjelik.sk\/index.php\/2015\/12\/18\/evanjelicke-sluzby-bozie-pocas-vianoc-v-rozhlase-a-televiziach\/","title":{"rendered":"Evanjelick\u00e9 slu\u017eby Bo\u017eie po\u010das Vianoc v  rozhlase a telev\u00edzi\u00e1ch"},"content":{"rendered":"<p>\u0160tedr\u00fd ve\u010der 24. decembra 2015 : <strong>R\u00e1dio<\/strong> <strong>Regina<\/strong> BA, BB, KE <strong>o 16.05 hodine<\/strong> z ev. a. v. kostola v Ru\u017eomberku<\/p>\n<p>Telev\u00edzia \u00a0<strong>TA3 o 17.00<\/strong> hodine z ev. a v. kostola v Trnave<\/p>\n<ol>\n<li>sl\u00e1vnos\u0165 viano\u010dn\u00e1 25. decembra <strong>Dvojka o \u00a09.30 hodine<\/strong> z ev. a. v. kostola v Modre &#8211; Kr\u00e1\u013eovej<\/li>\n<\/ol>\n<p>Nede\u013ea po Vianociach 27. decembra <strong>R\u00e1dio Slovensko a Regina o 9.05 hodine <\/strong>z ev. a. v. kostola v Lazoch pod Makytou<\/p>\n<p>&nbsp;<\/p>\n<p>&#8222;<em> T\u00fdm v\u0161ak, \u010do Ho prijali a veria v Jeho meno, dal moc sta\u0165 sa Bo\u017e\u00edmi de\u0165mi.&#8220;<\/em> Ev. sv. J\u00e1na 1, 12<\/p>\n","protected":false},"excerpt":{"rendered":"<p>\u0160tedr\u00fd ve\u010der 24. decembra 2015 : R\u00e1dio Regina BA, BB, KE o 16.05 hodine z ev. a. v. kostola v Ru\u017eomberku Telev\u00edzia \u00a0TA3 o 17.00 hodine z ev. a v. kostola v Trnave sl\u00e1vnos\u0165 viano\u010dn\u00e1 25. decembra Dvojka o \u00a09.30 hodine z ev. a. v. kostola v Modre &#8211; Kr\u00e1\u013eovej Nede\u013ea po Vianociach 27. decembra &#8230; <a title=\"Evanjelick\u00e9 slu\u017eby Bo\u017eie po\u010das Vianoc v  rozhlase a telev\u00edzi\u00e1ch\" class=\"read-more\" href=\"https:\/\/www.e-anjelik.sk\/index.php\/2015\/12\/18\/evanjelicke-sluzby-bozie-pocas-vianoc-v-rozhlase-a-televiziach\/\" aria-label=\"Pre\u010d\u00edtajte si viac o Evanjelick\u00e9 slu\u017eby Bo\u017eie po\u010das Vianoc v  rozhlase a telev\u00edzi\u00e1ch\">\u010c\u00edta\u0165 viac<\/a><\/p>\n","protected":false},"author":2,"featured_media":0,"comment_status":"open","ping_status":"closed","sticky":false,"template":"","format":"standard","meta":{"footnotes":""},"categories":[121,25,56,159],"tags":[],"class_list":["post-29673","post","type-post","status-publish","format-standard","hentry","category-kazne","category-liturgia","category-sluzby-bozie-v-rozhlase-a-televizii","category-vianoce"],"_links":{"self":[{"href":"https:\/\/www.e-anjelik.sk\/index.php\/wp-json\/wp\/v2\/posts\/29673","targetHints":{"allow":["GET"]}}],"collection":[{"href":"https:\/\/www.e-anjelik.sk\/index.php\/wp-json\/wp\/v2\/posts"}],"about":[{"href":"https:\/\/www.e-anjelik.sk\/index.php\/wp-json\/wp\/v2\/types\/post"}],"author":[{"embeddable":true,"href":"https:\/\/www.e-anjelik.sk\/index.php\/wp-json\/wp\/v2\/users\/2"}],"replies":[{"embeddable":true,"href":"https:\/\/www.e-anjelik.sk\/index.php\/wp-json\/wp\/v2\/comments?post=29673"}],"version-history":[{"count":0,"href":"https:\/\/www.e-anjelik.sk\/index.php\/wp-json\/wp\/v2\/posts\/29673\/revisions"}],"wp:attachment":[{"href":"https:\/\/www.e-anjelik.sk\/index.php\/wp-json\/wp\/v2\/media?parent=29673"}],"wp:term":[{"taxonomy":"category","embeddable":true,"href":"https:\/\/www.e-anjelik.sk\/index.php\/wp-json\/wp\/v2\/categories?post=29673"},{"taxonomy":"post_tag","embeddable":true,"href":"https:\/\/www.e-anjelik.sk\/index.php\/wp-json\/wp\/v2\/tags?post=29673"}],"curies":[{"name":"wp","href":"https:\/\/api.w.org\/{rel}","templated":true}]}}