{"id":29680,"date":"2015-12-19T00:04:56","date_gmt":"2015-12-18T22:04:56","guid":{"rendered":"http:\/\/www.evanjelik.sk\/?p=29680"},"modified":"2015-12-19T00:04:56","modified_gmt":"2015-12-18T22:04:56","slug":"martin-razus-adventne-modlitby","status":"publish","type":"post","link":"https:\/\/www.e-anjelik.sk\/index.php\/2015\/12\/19\/martin-razus-adventne-modlitby\/","title":{"rendered":"Martin R\u00e1zus: Adventn\u00e9 modlitby"},"content":{"rendered":"<p>I.<br \/>\nPane, Kriste, Spasite\u013eu,<br \/>\ndobr\u00fdch vec\u00ed u\u010dite\u013eu, &#8211;<br \/>\nvzhliadni na nas v zhroma\u017eden\u00ed,<br \/>\nke\u010f sme k Tebe obr\u00e1ten\u00ed, &#8211;<br \/>\npr\u00ed\u010f n\u00e1\u0161 Hosti a z milosti &#8211;<br \/>\nducha n\u00e1\u0161ho rozradosti!<br \/>\nNenechaj nas opusten\u00fdch,<br \/>\nus\u00fa\u017een\u00fdch &#8211; ubolen\u00fdch, &#8211;<br \/>\n\u017eehnaj z l\u00e1sky pr\u00e1ci na\u0161ej,<br \/>\nl\u00e1sky pravej v srdcia nasej!<br \/>\nKde b\u00f4\u013e a \u017eia\u013e, Ty bu\u010f zdarom,<br \/>\nte\u0161ite\u013eom aj lek\u00e1rom! &#8211;<br \/>\nPopraj svetla na\u0161\u00edm o\u010diam, &#8211;<br \/>\nu\u017e sa chysta\u0165 ku Vianociam,<br \/>\ni k t\u00fdm \u010dasn\u00fdm, drah\u00fd Hosti &#8211;<br \/>\ni k t\u00fdm sl\u00e1vnym na ve\u010dnosti! Amen<\/p>\n<p>II.<br \/>\nKade Ty ide\u0161, Pane, kvitne kvie\u0165a,<br \/>\nto kvie\u0165a l\u00e1sky pravej \u2014 \u017eivota\u2026<br \/>\n\u00d3, pr\u00ed\u010f i k n\u00e1m, my vr\u00facne pros\u00edme \u0164a,<br \/>\nnech v n\u00e1s sa zjav\u00ed Tvoja dobrota!<br \/>\nNie zvukom v\u00edchra \u2014 ale v tichom slove,<br \/>\n\u010do hoj\u00ed rany, slzy utiera,<br \/>\nk radostnej pr\u00e1ci v\u0161etk\u00fdch \u2014 i n\u00e1s zovie,<br \/>\nv z\u00e1hrady men\u00ed tr\u00fachlos\u0165 cintera!<br \/>\nPr\u00ed\u010f, Pane, pr\u00ed\u010f \u2014 ve\u010f t\u00fa\u017eby mocne horia,<br \/>\nobja\u0165 Ti nohy, \u010des\u0165 a chv\u00e1lu vzda\u0165,<br \/>\nlek\u00e1rstvom bude Tvoja pomoc skor\u00e1,<br \/>\nTy\u015b vedel a vie\u0161 i dnes pom\u00e1ha\u0165!<br \/>\nSklo\u0148 sa k n\u00e1m biednym, chor\u00fdm, osiral\u00fdm,<br \/>\noboha\u0165 v n\u00fadzi, pote\u0161 v tr\u00e1pen\u00ed \u2014<br \/>\npraj sluchu, Pane, prosb\u00e1m neust\u00e1lym,<br \/>\nke\u010f vol\u00e1 \u013eud Tvoj, biedou ranen\u00fd\u2026<br \/>\nPr\u00ed\u010f zachr\u00e1ni\u0165 svet, \u010do sa v zlob\u00e1ch kru\u0161\u00ed,<br \/>\npred\u00ed\u010f s\u00e1m p\u00e1du, v\u0161ak Ty sp\u00f4sob zn\u00e1\u0161,<br \/>\nbu\u010f Mesi\u00e1\u0161om rozbl\u00faden\u00fdch du\u0161\u00ed,<br \/>\nochr\u00e1\u0148 n\u00e1m cirkev, prich\u00fd\u013e n\u00e1rod n\u00e1\u0161!<br \/>\nNech vidie\u0165, \u017ee Ty chod\u00ed\u0161 medzi nami,<br \/>\na v stop\u00e1ch Tvojich kvitne l\u00e1ska, cno\u0165\u2026<br \/>\n\u00d3, pr\u00ed\u010f a zvl\u00e1dz svet, ktor\u00fd hriechom m\u00e1mi \u2014<br \/>\nvyve\u010f nas z neho a pr\u00edjm na ve\u010dnos\u0165. Amen.<\/p>\n<p>III.<br \/>\nJak J\u00e1n zo \u017eal\u00e1ra \u2014 k Tebe, Kriste, zrieme,<br \/>\nTeba vy\u010dk\u00e1vame, k Tebe putujeme\u2026<br \/>\nTy\u015b ten, ty\u015b ten iste, koho \u013eud Tvoj \u010dak\u00e1,<br \/>\nke\u010f ho mor\u00ed bieda, tr\u00e1pi boles\u0165 v\u0161ak\u00e1!<br \/>\nPoh\u013ead tvoj je liekom chor\u00e9mu, \u010do kles\u00e1,<br \/>\nradostn\u00e1 zves\u0165 Tvoja biednym zvestuje sa:<br \/>\nTy\u015b ten, ktor\u00fd kr\u00e1\u010da ticho v \u0165a\u017ek\u00e9 boje<br \/>\nza svet Tvojho ducha &#8211; za kr\u00e1\u013eovstvo svoje!<br \/>\nNech\u017ee Tvoja pravda n\u00e1jde u n\u00e1s sluchu,<br \/>\nna mysli n\u00e1s zmocn\u00ed \u2014 zmocn\u00ed i na duchu,<br \/>\na nech slovo Tvoje v \u017eitia nebezpe\u010d\u00ed<br \/>\nna\u0161ich smutn\u00fdch te\u0161\u00ed, na\u0161ich chor\u00fdch lie\u010di!<br \/>\nRadostn\u00e1 zves\u0165 nech n\u00e1s v\u0161etk\u00fdch pevne sp\u00e1ja<br \/>\ndoma, jak i s t\u00fdmi, \u010do \u0161li vo svet z kraja!<br \/>\nDaj im srdce \u010dist\u00e9, myse\u013e svie\u017eu, jar\u00fa,<br \/>\nchr\u00e1\u0148 ich od ne\u0161\u0165astia \u2014 z pr\u00e1ce popraj zdaru!<br \/>\nTvoj duch nech n\u00e1m svetlom, \u010do tma neuh\u00e1\u0161a,<br \/>\nby n\u00e1m bola ml\u0161ia chalup\u00f4\u010dka na\u0161a,<br \/>\nv nej pri zdrav\u00ed, sile na du\u0161i i tele<br \/>\nna\u0161li by some chleba \u2014 rustle by some v dial.<br \/>\nPotechy praj z dietok, udr\u017e ml\u00e1de\u017e v cnosti,<br \/>\ntak nas v\u0161etk\u00fdch z l\u00e1sky svojej rozradosti:<br \/>\nnech\u017ee \u010dasy tieto k osohu n\u00e1m sl\u00fa\u017eia,<br \/>\nsrdcia na\u0161e m\u00e4k\u010dia \u2014 v\u00f4\u013eu na\u0161u tu\u017eia \u2014<br \/>\na my h\u013ead\u00edme ta, skade zrak Tvoj svieti.<br \/>\nTy\u015b Ten\u2026 pr\u00edjm n\u00e1s, Pane, ako svoje deti! Amen.<\/p>\n","protected":false},"excerpt":{"rendered":"<p>I. Pane, Kriste, Spasite\u013eu, dobr\u00fdch vec\u00ed u\u010dite\u013eu, &#8211; vzhliadni na nas v zhroma\u017eden\u00ed, ke\u010f sme k Tebe obr\u00e1ten\u00ed, &#8211; pr\u00ed\u010f n\u00e1\u0161 Hosti a z milosti &#8211; ducha n\u00e1\u0161ho rozradosti! Nenechaj nas opusten\u00fdch, us\u00fa\u017een\u00fdch &#8211; ubolen\u00fdch, &#8211; \u017eehnaj z l\u00e1sky pr\u00e1ci na\u0161ej, l\u00e1sky pravej v srdcia nasej! Kde b\u00f4\u013e a \u017eia\u013e, Ty bu\u010f zdarom, te\u0161ite\u013eom aj &#8230; <a title=\"Martin R\u00e1zus: Adventn\u00e9 modlitby\" class=\"read-more\" href=\"https:\/\/www.e-anjelik.sk\/index.php\/2015\/12\/19\/martin-razus-adventne-modlitby\/\" aria-label=\"Pre\u010d\u00edtajte si viac o Martin R\u00e1zus: Adventn\u00e9 modlitby\">\u010c\u00edta\u0165 viac<\/a><\/p>\n","protected":false},"author":4,"featured_media":0,"comment_status":"open","ping_status":"closed","sticky":false,"template":"","format":"standard","meta":{"footnotes":""},"categories":[179,1,180,159],"tags":[],"class_list":["post-29680","post","type-post","status-publish","format-standard","hentry","category-advent","category-adventna-modlitba","category-advent-basne","category-vianoce"],"_links":{"self":[{"href":"https:\/\/www.e-anjelik.sk\/index.php\/wp-json\/wp\/v2\/posts\/29680","targetHints":{"allow":["GET"]}}],"collection":[{"href":"https:\/\/www.e-anjelik.sk\/index.php\/wp-json\/wp\/v2\/posts"}],"about":[{"href":"https:\/\/www.e-anjelik.sk\/index.php\/wp-json\/wp\/v2\/types\/post"}],"author":[{"embeddable":true,"href":"https:\/\/www.e-anjelik.sk\/index.php\/wp-json\/wp\/v2\/users\/4"}],"replies":[{"embeddable":true,"href":"https:\/\/www.e-anjelik.sk\/index.php\/wp-json\/wp\/v2\/comments?post=29680"}],"version-history":[{"count":0,"href":"https:\/\/www.e-anjelik.sk\/index.php\/wp-json\/wp\/v2\/posts\/29680\/revisions"}],"wp:attachment":[{"href":"https:\/\/www.e-anjelik.sk\/index.php\/wp-json\/wp\/v2\/media?parent=29680"}],"wp:term":[{"taxonomy":"category","embeddable":true,"href":"https:\/\/www.e-anjelik.sk\/index.php\/wp-json\/wp\/v2\/categories?post=29680"},{"taxonomy":"post_tag","embeddable":true,"href":"https:\/\/www.e-anjelik.sk\/index.php\/wp-json\/wp\/v2\/tags?post=29680"}],"curies":[{"name":"wp","href":"https:\/\/api.w.org\/{rel}","templated":true}]}}