{"id":29686,"date":"2015-12-19T00:37:47","date_gmt":"2015-12-18T22:37:47","guid":{"rendered":"http:\/\/www.evanjelik.sk\/?p=29686"},"modified":"2015-12-19T00:37:47","modified_gmt":"2015-12-18T22:37:47","slug":"emil-boleslav-lukac-modlitba-pred-vianocami","status":"publish","type":"post","link":"https:\/\/www.e-anjelik.sk\/index.php\/2015\/12\/19\/emil-boleslav-lukac-modlitba-pred-vianocami\/","title":{"rendered":"Emil Boleslav Luk\u00e1\u010d: Modlitba pred Vianocami"},"content":{"rendered":"<p>\u00datecha moja, n\u00e1dej sladk\u00e1,<br \/>\nnenechaj v muke trapne tlie\u0165,<br \/>\notvoren\u00e9 s\u00fa srdca vr\u00e1tka,<br \/>\n\u00f3\u00a0 Je\u017ei\u0161i, pr\u00ed\u010f ku mne dlie\u0165.<br \/>\nNebesk\u00e1 slas\u0165 Ty, zemsk\u00e1 rozko\u0161,<br \/>\nTy Boh i \u010dlovek v jednote,<br \/>\nmilosti jas, \u00f3 z neba zosko\u010d,<br \/>\na presvie\u0165 du\u0161u v mr\u00e1kote.<br \/>\nSpasite\u013e drah\u00fd, ukoj t\u00fahy<br \/>\nbla\u017eenstvom svojho pr\u00edchodu,<br \/>\ns pokorou prij\u00edmam \u0164a tich\u00fd<br \/>\nh\u013ea, vezmi srdca \u00farodu.<br \/>\nMyse\u013e i citu ka\u017ed\u00e9 chvenie<br \/>\nchcem v slu\u017ebe obetova\u0165 Ti,<br \/>\npopraj mi svoje pote\u0161enie,<br \/>\npr\u00ed\u010f ku mne, Kriste Je\u017ei\u0161i.<\/p>\n","protected":false},"excerpt":{"rendered":"<p>\u00datecha moja, n\u00e1dej sladk\u00e1, nenechaj v muke trapne tlie\u0165, otvoren\u00e9 s\u00fa srdca vr\u00e1tka, \u00f3\u00a0 Je\u017ei\u0161i, pr\u00ed\u010f ku mne dlie\u0165. Nebesk\u00e1 slas\u0165 Ty, zemsk\u00e1 rozko\u0161, Ty Boh i \u010dlovek v jednote, milosti jas, \u00f3 z neba zosko\u010d, a presvie\u0165 du\u0161u v mr\u00e1kote. Spasite\u013e drah\u00fd, ukoj t\u00fahy bla\u017eenstvom svojho pr\u00edchodu, s pokorou prij\u00edmam \u0164a tich\u00fd h\u013ea, vezmi &#8230; <a title=\"Emil Boleslav Luk\u00e1\u010d: Modlitba pred Vianocami\" class=\"read-more\" href=\"https:\/\/www.e-anjelik.sk\/index.php\/2015\/12\/19\/emil-boleslav-lukac-modlitba-pred-vianocami\/\" aria-label=\"Pre\u010d\u00edtajte si viac o Emil Boleslav Luk\u00e1\u010d: Modlitba pred Vianocami\">\u010c\u00edta\u0165 viac<\/a><\/p>\n","protected":false},"author":4,"featured_media":0,"comment_status":"open","ping_status":"closed","sticky":false,"template":"","format":"standard","meta":{"footnotes":""},"categories":[179,1,180,159],"tags":[],"class_list":["post-29686","post","type-post","status-publish","format-standard","hentry","category-advent","category-adventna-modlitba","category-advent-basne","category-vianoce"],"_links":{"self":[{"href":"https:\/\/www.e-anjelik.sk\/index.php\/wp-json\/wp\/v2\/posts\/29686","targetHints":{"allow":["GET"]}}],"collection":[{"href":"https:\/\/www.e-anjelik.sk\/index.php\/wp-json\/wp\/v2\/posts"}],"about":[{"href":"https:\/\/www.e-anjelik.sk\/index.php\/wp-json\/wp\/v2\/types\/post"}],"author":[{"embeddable":true,"href":"https:\/\/www.e-anjelik.sk\/index.php\/wp-json\/wp\/v2\/users\/4"}],"replies":[{"embeddable":true,"href":"https:\/\/www.e-anjelik.sk\/index.php\/wp-json\/wp\/v2\/comments?post=29686"}],"version-history":[{"count":0,"href":"https:\/\/www.e-anjelik.sk\/index.php\/wp-json\/wp\/v2\/posts\/29686\/revisions"}],"wp:attachment":[{"href":"https:\/\/www.e-anjelik.sk\/index.php\/wp-json\/wp\/v2\/media?parent=29686"}],"wp:term":[{"taxonomy":"category","embeddable":true,"href":"https:\/\/www.e-anjelik.sk\/index.php\/wp-json\/wp\/v2\/categories?post=29686"},{"taxonomy":"post_tag","embeddable":true,"href":"https:\/\/www.e-anjelik.sk\/index.php\/wp-json\/wp\/v2\/tags?post=29686"}],"curies":[{"name":"wp","href":"https:\/\/api.w.org\/{rel}","templated":true}]}}