{"id":29696,"date":"2015-12-19T16:40:56","date_gmt":"2015-12-19T14:40:56","guid":{"rendered":"http:\/\/www.evanjelik.sk\/?p=29696"},"modified":"2021-12-16T13:34:07","modified_gmt":"2021-12-16T12:34:07","slug":"slava-na-vysostiach-bohu-vian-pasmo","status":"publish","type":"post","link":"https:\/\/www.e-anjelik.sk\/index.php\/2015\/12\/19\/slava-na-vysostiach-bohu-vian-pasmo\/","title":{"rendered":"&#8222;Sl\u00e1va na v\u00fdsostiach Bohu&#8220;- vian.p\u00e1smo"},"content":{"rendered":"<p>Viano\u010dn\u00e9 p\u00e1smo:<br \/>\nSl\u00e1va na v\u00fdsostiach Bohu!<br \/>\nV\u0161etci:<br \/>\nSl\u00e1va Bohu na v\u00fdsostiach!<br \/>\nznie aj z na\u0161ich detsk\u00fdch pier.<br \/>\nV\u00edtame dnes nebies Hos\u0165a,<br \/>\nktor\u00fd nesie pokoj, mier.<\/p>\n<p>S anjelmi Mu prespevujme<br \/>\npiesne v\u010faky, \u017ealmy chv\u00e1l,<br \/>\n\u017ee u\u017e pri\u0161iel, \u017ee je u\u017e tu<br \/>\nvy\u010dk\u00e1van\u00fd Boh a Kr\u00e1\u013e!<\/p>\n<p>Doprostred tmy ka\u017edej biedy<br \/>\nza\u017eal sp\u00e1sy mocn\u00fd plam\u2019.<br \/>\nK prame\u0148u zve, koho sm\u00e4d\u00ed,<br \/>\na chlieb Slova d\u00e1va n\u00e1m.<\/p>\n<p>On nikoho neodmieta,<br \/>\nka\u017ed\u00fd smie dnes pri \u0147om st\u00e1\u0165,<br \/>\nkto Ho nad poklady sveta<br \/>\ndok\u00e1\u017ee tie\u017e milova\u0165.<\/p>\n<p>Kto sa vierou k Nemu vinie,<br \/>\nz celej du\u0161e ho m\u00e1 r\u00e1d,<br \/>\nnezn\u00e1 s\u013euby ne\u00faprimn\u00e9,<br \/>\n\u017eivot Mu chce odovzda\u0165.<\/p>\n<p>Kto aj napriek b\u00farke, hromu,<br \/>\nzo v\u0161etk\u00fdch Mu sl\u00fa\u017ei s\u00edl,<br \/>\na kto dobre vie, \u017ee Bohu,<br \/>\nL\u00e1ske v jasliach uveril.<\/p>\n<p>Do ma\u0161ta\u013eky preto h\u013ea\u010fme!<br \/>\nZrak zdvihnime ospal\u00fd.<br \/>\nKto po\u010d\u00favne, ten nezrad\u00ed,<br \/>\nhoc by hrozil \u00fadel zl\u00fd.<\/p>\n<p>Do ma\u0161ta\u013eky, kde je svetlo,<br \/>\nprostred noc\u00ed mraziv\u00fdch.<br \/>\nMilostiv\u00e9 Bo\u017eie leto,<br \/>\njasli\u010dky &#8211;&nbsp; Syn Bo\u017e\u00ed v nich.<\/p>\n<p>Do ma\u0161ta\u013eky, kde dnes rastie<br \/>\nv\u00fdhonok, \u010do bude strom.<br \/>\nKde je blaho, kde je \u0161\u0165astie,<br \/>\nmatka Bo\u017eia s Die\u0165a\u0165om.<\/p>\n<p>Do Betl\u00e9ma &#8211; s vr\u00facim citom.<br \/>\ns \u010distou vierou vidie\u0165 taj,<br \/>\nSpasite\u013ea pozna\u0165 pri tom,<br \/>\n\u010do priniesol nebies raj!<\/p>\n<p>II.\u010das\u0165: &#8211; men\u0161ie deti:<br \/>\n1\tDeti mil\u00e9, hore hlavy!<br \/>\ndneska ve\u013ek\u00fd de\u0148 sa sl\u00e1vi!<br \/>\nnech sa na\u0161e o\u010di smej\u00fa,<br \/>\nsrdcia l\u00e1skou nech sa hrej\u00fa!<br \/>\n2. Na Betlehem sa pozrite,<br \/>\njasn\u00fa hviezdu uvid\u00edte.<br \/>\nSvieti ona na cesti\u010dku,<br \/>\naj na mali\u010dk\u00fa hviezdi\u010dku.<br \/>\nTv\u00e1ri\u010dka to Je\u017ei\u0161kova,<br \/>\nusmievav\u00e1, kr\u00e1sna, mil\u00e1.<br \/>\nPo\u010fme k o\u010dk\u00e1m mil\u00fdm i my,<br \/>\npokloni\u0165 sa Je\u017ei\u0161ovi!<br \/>\n1\tV \u0147om je milos\u0165, n\u00e1dej sveta,<br \/>\naj ke\u010f to svet nechce zna\u0165.<br \/>\nHviezdy, ktor\u00e9 jasne svietia,<br \/>\nvzd\u00e1vaj\u00fa mu sl\u00e1vu, \u010des\u0165!<br \/>\nAj ke\u010f je len Die\u0165a mal\u00e9,<br \/>\nBo\u017eia m\u00fadros\u0165 je u\u017e v \u0147om.<br \/>\nAby bolo Bohu k chv\u00e1le,<br \/>\nu\u017e v n\u00e1ru\u010d\u00ed matkinom.<br \/>\n1\tOd jasli\u010diek v Betleheme,<br \/>\ncez Egypt &#8211; po Nazaret.<br \/>\nZ\u00e1chrancu v \u0147om vidie\u0165 smieme<br \/>\n\u010do zachr\u00e1ny hrie\u0161ny svet.<br \/>\nV istote, \u017ee je n\u00e1m bl\u00edzky,<br \/>\npre n\u00e1s na zem zost\u00fapil.<br \/>\nBez fanf\u00e1r a bez kol\u00edsky,<br \/>\nby n\u00e1s z hriehcov vyk\u00fapil.<br \/>\n1\tS anjelimi Mu prespevujme,<br \/>\npiesne v\u010faky, \u017ealmy chv\u00e1l!<br \/>\n\u017de u\u017e pri\u0161iel, narodil sa,<br \/>\nvy\u010dk\u00e1van\u00fd Boh a Kr\u00e1\u013e.<\/p>\n<p>V\u0161etci spolu:<br \/>\nSl\u00e1va Bohu na v\u00fdsostiach,<br \/>\nnech znie z na\u0161ich \u00fast a pier!<br \/>\nv\u00edtame dnes nebies Hos\u0165a,<br \/>\nktor\u00fd nesie: pokoj, mier.<br \/>\n1\tA pros\u00edme pritom vrelo:<br \/>\nZa\u017ee\u0148, Kriste, nepokoj.<br \/>\nVe\u010f si na\u0161\u00edm Spasite\u013eom,<br \/>\nut\u00ed\u0161 hnevy, zastav boj.<br \/>\nV pokoji nech pre\u017eijeme,<br \/>\nVianoc sv\u00e4t\u00fd, tich\u00fd \u010das.<br \/>\nPopraj \u013eu\u010fom dobrej v\u00f4le,<br \/>\nve\u013ea l\u00e1sky, Pane n\u00e1\u0161!<br \/>\n1\tAby chv\u00e1lospevy na\u0161e,<br \/>\nmohli v spevoch anjelsk\u00fdch,<br \/>\nzaznieva\u0165 v\u017edy v plnej kr\u00e1se,<br \/>\nzo s\u0155dc det\u00ed radostn\u00fdch.<\/p>\n<p>8. Aby s Tebou, Spasite\u013eu,<br \/>\ndo ded\u00edn i ve\u013ek\u00fdch miest,<br \/>\nBo\u017eej sp\u00e1sy zves\u0165 vesel\u00fa,<br \/>\nmohli sme dnes v\u0161etk\u00fdm nies\u0165.<br \/>\nV\u0161etci:<br \/>\nSl\u00e1va Bohu na v\u00fdsostiach,<br \/>\nnech znie z tis\u00edcero pier!<br \/>\nV\u00edtame dnes nebies Hos\u0165a,<br \/>\n&nbsp;&nbsp; V\u00edtame \u0164a, Spasite\u013e!<br \/>\n(Piesne pod\u013ea vlastn\u00e9ho v\u00fdberu)<\/p>\n","protected":false},"excerpt":{"rendered":"<p>Viano\u010dn\u00e9 p\u00e1smo: Sl\u00e1va na v\u00fdsostiach Bohu! V\u0161etci: Sl\u00e1va Bohu na v\u00fdsostiach! znie aj z na\u0161ich detsk\u00fdch pier. V\u00edtame dnes nebies Hos\u0165a, ktor\u00fd nesie pokoj, mier. S anjelmi Mu prespevujme piesne v\u010faky, \u017ealmy chv\u00e1l, \u017ee u\u017e pri\u0161iel, \u017ee je u\u017e tu vy\u010dk\u00e1van\u00fd Boh a Kr\u00e1\u013e! Doprostred tmy ka\u017edej biedy za\u017eal sp\u00e1sy mocn\u00fd plam\u2019. K prame\u0148u zve, &#8230; <a title=\"&#8222;Sl\u00e1va na v\u00fdsostiach Bohu&#8220;- vian.p\u00e1smo\" class=\"read-more\" href=\"https:\/\/www.e-anjelik.sk\/index.php\/2015\/12\/19\/slava-na-vysostiach-bohu-vian-pasmo\/\" aria-label=\"Pre\u010d\u00edtajte si viac o &#8222;Sl\u00e1va na v\u00fdsostiach Bohu&#8220;- vian.p\u00e1smo\">\u010c\u00edta\u0165 viac<\/a><\/p>\n","protected":false},"author":4,"featured_media":0,"comment_status":"open","ping_status":"closed","sticky":false,"template":"","format":"standard","meta":{"footnotes":""},"categories":[1,240,159,584],"tags":[],"class_list":["post-29696","post","type-post","status-publish","format-standard","hentry","category-adventna-modlitba","category-basnicky-pre-deti","category-vianoce","category-vianocna-banka-deti"],"_links":{"self":[{"href":"https:\/\/www.e-anjelik.sk\/index.php\/wp-json\/wp\/v2\/posts\/29696","targetHints":{"allow":["GET"]}}],"collection":[{"href":"https:\/\/www.e-anjelik.sk\/index.php\/wp-json\/wp\/v2\/posts"}],"about":[{"href":"https:\/\/www.e-anjelik.sk\/index.php\/wp-json\/wp\/v2\/types\/post"}],"author":[{"embeddable":true,"href":"https:\/\/www.e-anjelik.sk\/index.php\/wp-json\/wp\/v2\/users\/4"}],"replies":[{"embeddable":true,"href":"https:\/\/www.e-anjelik.sk\/index.php\/wp-json\/wp\/v2\/comments?post=29696"}],"version-history":[{"count":1,"href":"https:\/\/www.e-anjelik.sk\/index.php\/wp-json\/wp\/v2\/posts\/29696\/revisions"}],"predecessor-version":[{"id":35209,"href":"https:\/\/www.e-anjelik.sk\/index.php\/wp-json\/wp\/v2\/posts\/29696\/revisions\/35209"}],"wp:attachment":[{"href":"https:\/\/www.e-anjelik.sk\/index.php\/wp-json\/wp\/v2\/media?parent=29696"}],"wp:term":[{"taxonomy":"category","embeddable":true,"href":"https:\/\/www.e-anjelik.sk\/index.php\/wp-json\/wp\/v2\/categories?post=29696"},{"taxonomy":"post_tag","embeddable":true,"href":"https:\/\/www.e-anjelik.sk\/index.php\/wp-json\/wp\/v2\/tags?post=29696"}],"curies":[{"name":"wp","href":"https:\/\/api.w.org\/{rel}","templated":true}]}}