{"id":2970,"date":"2010-08-18T16:40:45","date_gmt":"2010-08-18T16:40:45","guid":{"rendered":"http:\/\/e-anjelik.sk\/?p=2970"},"modified":"2010-08-18T16:40:45","modified_gmt":"2010-08-18T16:40:45","slug":"zomrel-redaktor-stv-jan-mikus","status":"publish","type":"post","link":"https:\/\/www.e-anjelik.sk\/index.php\/2010\/08\/18\/zomrel-redaktor-stv-jan-mikus\/","title":{"rendered":"Zomrel redaktor STV J\u00e1n Miku\u0161"},"content":{"rendered":"<p>P&aacute;n \u017eivota a smrti si n&aacute;&iacute;hle z tejto \u010dasnosti odvolal svojho slu\u017eobn&iacute;ka br. J&aacute;na Miku&scaron;a, dlhoro\u010dn&eacute;ho redaktora evanjelick&yacute;ch pr&iacute;spevkov v redakcii duchovn&eacute;ho \u017eivota. J.Miku&scaron; sa podp&iacute;sal pod zna\u010dn&yacute; po\u010det pr&iacute;spevkov v telev&iacute;znom spracovan&iacute; o n&aacute;rodn&yacute;ch osobnostiach-evanjelikoch, pr&iacute;spevky zo \u017eivota cirkevn&yacute;ch zborov, z celocirkevn&yacute;ch podujat&iacute; a osl&aacute;v, duchovn&eacute;ho slova, \u010di telev&iacute;znych slu\u017eieb Bo\u017e&iacute;ch, a i.&nbsp;Takmer nikdy nech&yacute;bal na pravideln&yacute;ch zasadnutiach medi&aacute;lneho v&yacute;boru na GB&Uacute; v Bratislave,kde sa akt&iacute;vne zap&aacute;jal do diskusie a pod&aacute;val n&aacute;vrhy na skvalitnenie pr&aacute;ce m&eacute;di&iacute;.<\/p>\n<p>Vo Sv&auml;tom Jure si zak&uacute;pil chalupu na prekr&aacute;snom mieste vo vinohradoch, na slne\u010dnom ju\u017enom &uacute;bo\u010d&iacute; s v&yacute;h\u013eadom nielen na Jur, ale cel&eacute; okolie. Jur a jeho cirkevn&yacute; zbor si tak ob\u013e&uacute;bil, \u017ee tam tr&aacute;vil v&auml;\u010d&scaron;inu mesiacov v roku, stal sa nielen zaregistrovan&yacute;m, ale aj akt&iacute;vnym \u010dlenom zboru. Bol \u010dlenom zborov&eacute;ho presbyterstva, \u017eivo sa aj na d&ocirc;chodku zauj&iacute;mal o dianie v cirkvi, \u010d&iacute;taval pravidelne EPST,CL a in&uacute; tla\u010d, ktor&aacute; sa pon&uacute;ka v chr&aacute;me. Janko, bude&scaron; n&aacute;m v zbore ch&yacute;ba\u0165. Nech \u0165a P&aacute;n prijme do blahoslavenstva a odmen&iacute; ako vern&eacute;ho sluhu. \u010ces\u0165 tvojej pamiatke!<\/p>\n<p>Posledn&aacute; rozl&uacute;\u010dka s menovan&yacute;m bude v pondelok 23. augusta 2010 o 16.00 hodine v bratislavskom kremat&oacute;riu.<\/p>\n<p>Vladim&iacute;r L&aacute;ska, b&yacute;val&yacute; spolupracovn&iacute;k v medi&aacute;lnom v&yacute;bore ECAV, tla\u010dov&yacute; tajomn&iacute;k ECAV&nbsp;v.v.<\/p>\n","protected":false},"excerpt":{"rendered":"<p>P&aacute;n \u017eivota a smrti si n&aacute;&iacute;hle z tejto \u010dasnosti odvolal svojho slu\u017eobn&iacute;ka br. J&aacute;na Miku&scaron;a, dlhoro\u010dn&eacute;ho redaktora evanjelick&yacute;ch pr&iacute;spevkov v redakcii duchovn&eacute;ho \u017eivota. J.Miku&scaron; sa podp&iacute;sal pod zna\u010dn&yacute; po\u010det pr&iacute;spevkov v telev&iacute;znom spracovan&iacute; o n&aacute;rodn&yacute;ch osobnostiach-evanjelikoch, pr&iacute;spevky zo \u017eivota cirkevn&yacute;ch zborov, z celocirkevn&yacute;ch podujat&iacute; a osl&aacute;v, duchovn&eacute;ho slova, \u010di telev&iacute;znych slu\u017eieb Bo\u017e&iacute;ch, a i.&nbsp;Takmer nikdy &#8230; <a title=\"Zomrel redaktor STV J\u00e1n Miku\u0161\" class=\"read-more\" href=\"https:\/\/www.e-anjelik.sk\/index.php\/2010\/08\/18\/zomrel-redaktor-stv-jan-mikus\/\" aria-label=\"Pre\u010d\u00edtajte si viac o Zomrel redaktor STV J\u00e1n Miku\u0161\">\u010c\u00edta\u0165 viac<\/a><\/p>\n","protected":false},"author":22,"featured_media":0,"comment_status":"open","ping_status":"open","sticky":false,"template":"","format":"standard","meta":{"footnotes":""},"categories":[1,14,246],"tags":[],"class_list":["post-2970","post","type-post","status-publish","format-standard","hentry","category-adventna-modlitba","category-osobnosti","category-svaty-jur"],"_links":{"self":[{"href":"https:\/\/www.e-anjelik.sk\/index.php\/wp-json\/wp\/v2\/posts\/2970","targetHints":{"allow":["GET"]}}],"collection":[{"href":"https:\/\/www.e-anjelik.sk\/index.php\/wp-json\/wp\/v2\/posts"}],"about":[{"href":"https:\/\/www.e-anjelik.sk\/index.php\/wp-json\/wp\/v2\/types\/post"}],"author":[{"embeddable":true,"href":"https:\/\/www.e-anjelik.sk\/index.php\/wp-json\/wp\/v2\/users\/22"}],"replies":[{"embeddable":true,"href":"https:\/\/www.e-anjelik.sk\/index.php\/wp-json\/wp\/v2\/comments?post=2970"}],"version-history":[{"count":0,"href":"https:\/\/www.e-anjelik.sk\/index.php\/wp-json\/wp\/v2\/posts\/2970\/revisions"}],"wp:attachment":[{"href":"https:\/\/www.e-anjelik.sk\/index.php\/wp-json\/wp\/v2\/media?parent=2970"}],"wp:term":[{"taxonomy":"category","embeddable":true,"href":"https:\/\/www.e-anjelik.sk\/index.php\/wp-json\/wp\/v2\/categories?post=2970"},{"taxonomy":"post_tag","embeddable":true,"href":"https:\/\/www.e-anjelik.sk\/index.php\/wp-json\/wp\/v2\/tags?post=2970"}],"curies":[{"name":"wp","href":"https:\/\/api.w.org\/{rel}","templated":true}]}}