{"id":29705,"date":"2015-12-19T22:24:30","date_gmt":"2015-12-19T20:24:30","guid":{"rendered":"http:\/\/www.evanjelik.sk\/?p=29705"},"modified":"2021-12-16T13:28:27","modified_gmt":"2021-12-16T12:28:27","slug":"vianocna-banka-deticiek-3","status":"publish","type":"post","link":"https:\/\/www.e-anjelik.sk\/index.php\/2015\/12\/19\/vianocna-banka-deticiek-3\/","title":{"rendered":"Viano\u010dn\u00e1 banka deti\u010diek (3)"},"content":{"rendered":"<p>Bo\u017eia \u0161tedr\u00e1 ruka<br \/>\nPre\u010do mi dnes srdce moje<br \/>\ntak radostne \u0165uk\u00e1?<br \/>\nPreto\u017ee sa otvorila<br \/>\nBo\u017eia \u0161tedr\u00e1 ruka!<\/p>\n<p>Na zem nesie sam\u00fa rados\u0165<br \/>\npokoj, mier, zo seba,<br \/>\nAk\u00e9 \u0161\u0165astie, ak\u00e1 kr\u00e1sa,<br \/>\nma\u0165 Je\u017ei\u0161ko Teba! Amen.<\/p>\n<p>Prosbi\u010dka die\u0165a\u0165a<br \/>\nJe\u017ei\u0161ko, Ty \u0161tedr\u00fd d\u00e1rca,<br \/>\npokorne \u0164a pros\u00edm,<br \/>\npr\u00ed\u010f aj ku n\u00e1m,<br \/>\nnav\u0161t\u00edv n\u00e1\u0161 dom,<br \/>\nve\u010f \u0164a v srdci nos\u00edm! Amen.<\/p>\n<p>Pr\u00ed\u010f Je\u017ei\u0161ko k n\u00e1m\u2026!<br \/>\nPr\u00ed\u010f, Je\u017ei\u0161ko k n\u00e1m,<br \/>\nja \u0164a rada m\u00e1m!<br \/>\nr\u00e1d \u0165a tat\u00edk a mami\u010dka<br \/>\ni sestri\u010dka tie\u017e mali\u010dk\u00e1:<br \/>\npr\u00ed\u010f Je\u017ei\u0161ko, k n\u00e1m!<\/p>\n<p>Pr\u00ed\u010f Je\u017ei\u0161ko k n\u00e1m!<br \/>\n\u017de ma \u013e\u00fabi\u0161, zn\u00e1m,<br \/>\nviem, \u017ee m\u00e1\u0161 r\u00e1d dobr\u00e9 dietky,<br \/>\nmal\u00e9, ve\u013ek\u00e9, v\u0161etky &#8211; v\u0161etky\u2026<br \/>\nPr\u00ed\u010f, Je\u017ei\u0161ko, k n\u00e1m!<\/p>\n<p>Ke\u010f tak pr\u00edde\u0161 k n\u00e1m:<br \/>\ndom n\u00e1\u0161 ako chr\u00e1m,<br \/>\nna strom\u010deku vzplanie, z\u017eiari,<br \/>\nmoc-moc sviec s\u0165a na olt\u00e1ri\u2026<br \/>\nPr\u00ed\u010f, Je\u017ei\u0161ko, k n\u00e1m! Amen<\/p>\n<p>Dohviezdny ve\u010der<br \/>\nNa oblohe hviezdi\u010dky sa jagaj\u00fa,<br \/>\nukazuj\u00fa \u013eu\u010fom cestu ku raju.<\/p>\n<p>Svietia, ako v Betleheme svietili,<br \/>\nke\u010f k n\u00e1m pri\u0161iel z neba Je\u017ei\u0161 premil\u00fd.<\/p>\n<p>Nikde pre\u0148ho vtedy miesta nemali,<br \/>\niba tvrd\u00e9 jasli\u010dky ho prijali.<\/p>\n<p>Ve\u013ek\u00e1 hviezda l\u00fa\u010de na\u0148ho prestrela,<br \/>\ndo sn\u00ed\u010dka Mu sladko znel spev anjela.<\/p>\n<p>Svet sa triasol pod ich mocnou pies\u0148ou chv\u00e1l,<br \/>\nubieden\u00fd \u013eud sa z Neho radoval.<\/p>\n<p>Ve\u010f to Die\u0165a, polo\u017een\u00e9 do jasl\u00ed,<br \/>\nbude svieti\u0165, hoc by hviezdy vyhasli.<\/p>\n<p>Srdie\u010dko ty moje, \u0161\u0165ast\u00edm zajasaj!<br \/>\nDovedie \u0165a, Hviezda ve\u010dn\u00e1, Je\u017ei\u0161, v raj! Amen.<\/p>\n<p>Die\u0165a v Betleheme<br \/>\nKe\u010f v\u00f4\u0148a jedl\u00edc izbi\u010dky na\u0161e<br \/>\nz\u010derstvuje v tomto viano\u010dnom \u010dase,<br \/>\nke\u010f kr\u00e1sa na\u0161ej jed\u013eovej hory<br \/>\nv pr\u00edbytkoch na\u0161ich k\u00fazlo kr\u00e1s tvor\u00ed-<br \/>\nPros\u00edme Bo\u017ee, nech ve\u010dnou kr\u00e1sou,-<br \/>\nnebeskou v\u00f4\u0148ou &#8211; tou ve\u010dnou sp\u00e1sou-<br \/>\nz\u010derstv\u00ed sa srdce \u010dloveka zeme,<br \/>\n\u010do tu prin\u00e1\u0161a Die\u0165a v Betleheme.<\/p>\n<p>A potom kr\u00e1sa tej ve\u010dnej sp\u00e1sy<br \/>\nnech n\u00e1m okrasou po ve\u010dn\u00e9 \u010dasy!<br \/>\nI potom, ke\u010f u\u017e jedli\u010dka zv\u00e4dne,<br \/>\nzele\u0148 hal\u00fazok ke\u010f \u010dasom zbledne,<br \/>\nnech je v\u017edy s nami kr\u00e1sa tvoja:<br \/>\nkr\u00e1sa spasenia, l\u00e1sky, pokoja!&nbsp; Amen.<\/p>\n<p>Hviezdi\u010dky<br \/>\nTak sme s\u0165a by hviezdi\u010dky,<br \/>\nTvoje mil\u00e9 deti\u010dky,<br \/>\nPane Bo\u017ee, Ot\u010de n\u00e1\u0161.<\/p>\n<p>Za\u017eneme Ti srdie\u010dka<br \/>\nihne\u010f z \u00fatla &#8211; \u00fatlu\u010dka,<br \/>\nby si bol v\u017edy celkom n\u00e1\u0161.<\/p>\n<p>Svetlo daj jak do jasie\u013e,<br \/>\nosvieti n\u00e1m ka\u017ed\u00fd cie\u013e:<br \/>\nv\u0161etko e\u0161te nevieme!<\/p>\n<p>Tvoju sl\u00e1vu zvestova\u0165,<br \/>\nchce z nas ka\u017ed\u00fd ve\u013emi r\u00e1d:<br \/>\ns Tebou v nebi budeme! Amen<\/p>\n<p>Dom chleba<br \/>\nTam v Betleheme, v Dome chleba-<br \/>\ntam za\u017eiarila hviezda z neba &#8211;<br \/>\nV jasli\u010dk\u00e1ch le\u017e\u00ed L\u00e1ska sv\u00e4t\u00e1,<br \/>\nprich\u00e1dza Je\u017ei\u0161 &#8211; sp\u00e1sa sveta!<\/p>\n<p>Anjelov zbor tu kr\u00e1sne spieva<br \/>\na l\u00e1ska Bo\u017eia srdcia zhrieva.<br \/>\na hviezda jasn\u00e1 kr\u00e1sne svieti&#8230;<br \/>\nSpievajme vr\u00facne, mil\u00e9 deti!<\/p>\n<p>V jasli\u010dk\u00e1ch Die\u0165a &#8211; Je\u017ei\u0161 sv\u00e4t\u00fd<br \/>\n\u010co pri\u0161iel spasi\u0165 hrie\u0161ne svety.<br \/>\nA pri \u0147om matka &#8211; M\u00e1ria,<br \/>\nDie\u0165atko sv\u00e4t\u00e9 pov\u00edja.<\/p>\n<p>\u00d3, poklo\u0148me sa Je\u017ei\u0161ovi,<br \/>\nv \u0147om pri\u0161la sp\u00e1sa, \u017eivot nov\u00fd!<br \/>\nPolo\u017eme srdcia v jasli\u010dky-<br \/>\nve\u013ek\u00ed i v\u0161etci mali\u010dk\u00ed!&nbsp; Amen.<\/p>\n","protected":false},"excerpt":{"rendered":"<p>Bo\u017eia \u0161tedr\u00e1 ruka Pre\u010do mi dnes srdce moje tak radostne \u0165uk\u00e1? Preto\u017ee sa otvorila Bo\u017eia \u0161tedr\u00e1 ruka! Na zem nesie sam\u00fa rados\u0165 pokoj, mier, zo seba, Ak\u00e9 \u0161\u0165astie, ak\u00e1 kr\u00e1sa, ma\u0165 Je\u017ei\u0161ko Teba! Amen. Prosbi\u010dka die\u0165a\u0165a Je\u017ei\u0161ko, Ty \u0161tedr\u00fd d\u00e1rca, pokorne \u0164a pros\u00edm, pr\u00ed\u010f aj ku n\u00e1m, nav\u0161t\u00edv n\u00e1\u0161 dom, ve\u010f \u0164a v srdci nos\u00edm! &#8230; <a title=\"Viano\u010dn\u00e1 banka deti\u010diek (3)\" class=\"read-more\" href=\"https:\/\/www.e-anjelik.sk\/index.php\/2015\/12\/19\/vianocna-banka-deticiek-3\/\" aria-label=\"Pre\u010d\u00edtajte si viac o Viano\u010dn\u00e1 banka deti\u010diek (3)\">\u010c\u00edta\u0165 viac<\/a><\/p>\n","protected":false},"author":4,"featured_media":0,"comment_status":"open","ping_status":"closed","sticky":false,"template":"","format":"standard","meta":{"footnotes":""},"categories":[179,1,240,373,159,584],"tags":[],"class_list":["post-29705","post","type-post","status-publish","format-standard","hentry","category-advent","category-adventna-modlitba","category-basnicky-pre-deti","category-stedry-vecer","category-vianoce","category-vianocna-banka-deti"],"_links":{"self":[{"href":"https:\/\/www.e-anjelik.sk\/index.php\/wp-json\/wp\/v2\/posts\/29705","targetHints":{"allow":["GET"]}}],"collection":[{"href":"https:\/\/www.e-anjelik.sk\/index.php\/wp-json\/wp\/v2\/posts"}],"about":[{"href":"https:\/\/www.e-anjelik.sk\/index.php\/wp-json\/wp\/v2\/types\/post"}],"author":[{"embeddable":true,"href":"https:\/\/www.e-anjelik.sk\/index.php\/wp-json\/wp\/v2\/users\/4"}],"replies":[{"embeddable":true,"href":"https:\/\/www.e-anjelik.sk\/index.php\/wp-json\/wp\/v2\/comments?post=29705"}],"version-history":[{"count":1,"href":"https:\/\/www.e-anjelik.sk\/index.php\/wp-json\/wp\/v2\/posts\/29705\/revisions"}],"predecessor-version":[{"id":35206,"href":"https:\/\/www.e-anjelik.sk\/index.php\/wp-json\/wp\/v2\/posts\/29705\/revisions\/35206"}],"wp:attachment":[{"href":"https:\/\/www.e-anjelik.sk\/index.php\/wp-json\/wp\/v2\/media?parent=29705"}],"wp:term":[{"taxonomy":"category","embeddable":true,"href":"https:\/\/www.e-anjelik.sk\/index.php\/wp-json\/wp\/v2\/categories?post=29705"},{"taxonomy":"post_tag","embeddable":true,"href":"https:\/\/www.e-anjelik.sk\/index.php\/wp-json\/wp\/v2\/tags?post=29705"}],"curies":[{"name":"wp","href":"https:\/\/api.w.org\/{rel}","templated":true}]}}