{"id":29743,"date":"2016-01-02T22:43:20","date_gmt":"2016-01-02T20:43:20","guid":{"rendered":"http:\/\/www.evanjelik.sk\/?p=29743"},"modified":"2016-01-02T22:43:20","modified_gmt":"2016-01-02T20:43:20","slug":"prianie-k-novemu-roku-2016","status":"publish","type":"post","link":"https:\/\/www.e-anjelik.sk\/index.php\/2016\/01\/02\/prianie-k-novemu-roku-2016\/","title":{"rendered":"Prianie k nov\u00e9mu roku 2016"},"content":{"rendered":"<p>Blaho\u017eelanie k nov\u00e9mu roku<\/p>\n<p>&nbsp;<\/p>\n<p>\u017del\u00e1me V\u00e1m v novom roku bla\u017eenos\u0165 v duchu slov prv\u00e9ho \u017dalmu:<\/p>\n<p>&nbsp;<\/p>\n<p><i>\u201cBlahoslaven\u00fd mu\u017e, ktor\u00fd nechod\u00ed pod\u013ea rady bezbo\u017en\u00edkov,<\/i><\/p>\n<p><i>na ceste hrie\u0161nikov nestoj\u00ed,<\/i><\/p>\n<p><i>a v kruhu posmieva\u010dov nesed\u00ed,<\/i><\/p>\n<p><i>(2) ale v z\u00e1kone Hospodinovom m\u00e1 z\u00e1\u013eubu,<\/i><\/p>\n<p><i>o Jeho z\u00e1kone rozj\u00edma d\u0148om &#8211; nocou.<\/i><\/p>\n<p><i>(3) Bude ako strom zasaden\u00fd pri vodn\u00fdch tokoch,<\/i><\/p>\n<p><i>\u010do na\u010das d\u00e1va ovocie a jeho l\u00edstie nev\u00e4dne;<\/i><\/p>\n<p><i>a v\u0161etko, \u010do rob\u00ed, sa vydar\u00ed.\u201d<\/i><\/p>\n<p>Nech V\u00e1s vedie P\u00e1n k blahoslavenstvu \u010dasn\u00e9mu i ve\u010dn\u00e9mu<\/p>\n<p>t\u00fdm, \u017ee v\u00e1m d\u00e1 m\u00fadros\u0165 vyhn\u00fa\u0165 sa rad\u00e1m bezbo\u017en\u00edkov,<\/p>\n<p>cest\u00e1m hrie\u0161nikov a kruhom posmieva\u010dov<\/p>\n<p>a d\u00e1 V\u00e1m spozn\u00e1va\u0165 silu a moc Jeho Slova, aby ste<\/p>\n<p>zostali dobr\u00fdm stromom prin\u00e1\u0161aj\u00facim dobr\u00e9 ovocie<\/p>\n<p>viery a l\u00e1sky v\u0161ade tam, kde \u017eijete, alebo budete putova\u0165<\/p>\n<p>a nech \u017eehn\u00e1 v\u0161etky Va\u0161e pr\u00e1ce, pl\u00e1ny a predsavzatia<\/p>\n<p>v nast\u00e1vaj\u00facom novom roku 2016!<\/p>\n<p>&nbsp;<\/p>\n<p>www.evanjelik<\/p>\n","protected":false},"excerpt":{"rendered":"<p>Blaho\u017eelanie k nov\u00e9mu roku &nbsp; \u017del\u00e1me V\u00e1m v novom roku bla\u017eenos\u0165 v duchu slov prv\u00e9ho \u017dalmu: &nbsp; \u201cBlahoslaven\u00fd mu\u017e, ktor\u00fd nechod\u00ed pod\u013ea rady bezbo\u017en\u00edkov, na ceste hrie\u0161nikov nestoj\u00ed, a v kruhu posmieva\u010dov nesed\u00ed, (2) ale v z\u00e1kone Hospodinovom m\u00e1 z\u00e1\u013eubu, o Jeho z\u00e1kone rozj\u00edma d\u0148om &#8211; nocou. (3) Bude ako strom zasaden\u00fd pri vodn\u00fdch tokoch, &#8230; <a title=\"Prianie k nov\u00e9mu roku 2016\" class=\"read-more\" href=\"https:\/\/www.e-anjelik.sk\/index.php\/2016\/01\/02\/prianie-k-novemu-roku-2016\/\" aria-label=\"Pre\u010d\u00edtajte si viac o Prianie k nov\u00e9mu roku 2016\">\u010c\u00edta\u0165 viac<\/a><\/p>\n","protected":false},"author":4,"featured_media":0,"comment_status":"open","ping_status":"closed","sticky":false,"template":"","format":"standard","meta":{"footnotes":""},"categories":[1],"tags":[],"class_list":["post-29743","post","type-post","status-publish","format-standard","hentry","category-adventna-modlitba"],"_links":{"self":[{"href":"https:\/\/www.e-anjelik.sk\/index.php\/wp-json\/wp\/v2\/posts\/29743","targetHints":{"allow":["GET"]}}],"collection":[{"href":"https:\/\/www.e-anjelik.sk\/index.php\/wp-json\/wp\/v2\/posts"}],"about":[{"href":"https:\/\/www.e-anjelik.sk\/index.php\/wp-json\/wp\/v2\/types\/post"}],"author":[{"embeddable":true,"href":"https:\/\/www.e-anjelik.sk\/index.php\/wp-json\/wp\/v2\/users\/4"}],"replies":[{"embeddable":true,"href":"https:\/\/www.e-anjelik.sk\/index.php\/wp-json\/wp\/v2\/comments?post=29743"}],"version-history":[{"count":0,"href":"https:\/\/www.e-anjelik.sk\/index.php\/wp-json\/wp\/v2\/posts\/29743\/revisions"}],"wp:attachment":[{"href":"https:\/\/www.e-anjelik.sk\/index.php\/wp-json\/wp\/v2\/media?parent=29743"}],"wp:term":[{"taxonomy":"category","embeddable":true,"href":"https:\/\/www.e-anjelik.sk\/index.php\/wp-json\/wp\/v2\/categories?post=29743"},{"taxonomy":"post_tag","embeddable":true,"href":"https:\/\/www.e-anjelik.sk\/index.php\/wp-json\/wp\/v2\/tags?post=29743"}],"curies":[{"name":"wp","href":"https:\/\/api.w.org\/{rel}","templated":true}]}}