{"id":29746,"date":"2016-01-04T05:51:25","date_gmt":"2016-01-04T03:51:25","guid":{"rendered":"http:\/\/www.evanjelik.sk\/?p=29746"},"modified":"2016-01-04T05:51:25","modified_gmt":"2016-01-04T03:51:25","slug":"modlitebny-tyzden-evanjelickej-aliancie-v-roku-2016","status":"publish","type":"post","link":"https:\/\/www.e-anjelik.sk\/index.php\/2016\/01\/04\/modlitebny-tyzden-evanjelickej-aliancie-v-roku-2016\/","title":{"rendered":"Modlitebn\u00fd t\u00fd\u017ede\u0148 Evanjelickej aliancie v roku 2016"},"content":{"rendered":"<p>Tohoro\u010dn\u00fd modlitebn\u00fd t\u00fd\u017ede\u0148 EA bude sa kona\u0165 od 10. janu\u00e1ra do 17. janu\u00e1ra 2016. <span style=\"text-decoration: underline;\"><strong>T\u00e9mou bude\u00a0 &#8220; Vitajte doma! &#8220; Luk\u00e1\u0161 15, 11-32<\/strong><\/span>.<\/p>\n<p>Rozvrh t\u00e9m a textov: 1. Boh a Jeho deti , ver\u0161 11<\/p>\n<p>2. Ke\u010f vz\u0165ahy stroskotaj\u00fa, ver\u0161 12<\/p>\n<p>3. V\u0161etko, \u010do som chcel &#8211; v\u0161etko straten\u00e9, ver\u0161e 13-16<\/p>\n<p>4. Zmena miesto konca, ver\u0161e 17-20a<\/p>\n<p>5. Ak\u00fd \u00fa\u017easn\u00fd otec! ver\u0161e 20b +c<\/p>\n<p>6. Narodil som sa znova! , ver\u0161e 21-24<\/p>\n<p>7. Doma, a predsa tak vzdialen\u00fd , ver\u0161e 25-30<\/p>\n<p>8. To sa mus\u00ed osl\u00e1vi\u0165!\u00a0, ver\u0161e 31-32.<\/p>\n<p>http:\/\/www.easr.sk\/media\/amot-2016.pdf<\/p>\n<p>&nbsp;<\/p>\n<p>.<\/p>\n","protected":false},"excerpt":{"rendered":"<p>Tohoro\u010dn\u00fd modlitebn\u00fd t\u00fd\u017ede\u0148 EA bude sa kona\u0165 od 10. janu\u00e1ra do 17. janu\u00e1ra 2016. T\u00e9mou bude\u00a0 &#8220; Vitajte doma! &#8220; Luk\u00e1\u0161 15, 11-32. Rozvrh t\u00e9m a textov: 1. Boh a Jeho deti , ver\u0161 11 2. Ke\u010f vz\u0165ahy stroskotaj\u00fa, ver\u0161 12 3. V\u0161etko, \u010do som chcel &#8211; v\u0161etko straten\u00e9, ver\u0161e 13-16 4. Zmena miesto konca, &#8230; <a title=\"Modlitebn\u00fd t\u00fd\u017ede\u0148 Evanjelickej aliancie v roku 2016\" class=\"read-more\" href=\"https:\/\/www.e-anjelik.sk\/index.php\/2016\/01\/04\/modlitebny-tyzden-evanjelickej-aliancie-v-roku-2016\/\" aria-label=\"Pre\u010d\u00edtajte si viac o Modlitebn\u00fd t\u00fd\u017ede\u0148 Evanjelickej aliancie v roku 2016\">\u010c\u00edta\u0165 viac<\/a><\/p>\n","protected":false},"author":2,"featured_media":0,"comment_status":"open","ping_status":"closed","sticky":false,"template":"","format":"standard","meta":{"footnotes":""},"categories":[2,28],"tags":[],"class_list":["post-29746","post","type-post","status-publish","format-standard","hentry","category-ekumena","category-modlitby-za-jednotu-krestanov"],"_links":{"self":[{"href":"https:\/\/www.e-anjelik.sk\/index.php\/wp-json\/wp\/v2\/posts\/29746","targetHints":{"allow":["GET"]}}],"collection":[{"href":"https:\/\/www.e-anjelik.sk\/index.php\/wp-json\/wp\/v2\/posts"}],"about":[{"href":"https:\/\/www.e-anjelik.sk\/index.php\/wp-json\/wp\/v2\/types\/post"}],"author":[{"embeddable":true,"href":"https:\/\/www.e-anjelik.sk\/index.php\/wp-json\/wp\/v2\/users\/2"}],"replies":[{"embeddable":true,"href":"https:\/\/www.e-anjelik.sk\/index.php\/wp-json\/wp\/v2\/comments?post=29746"}],"version-history":[{"count":0,"href":"https:\/\/www.e-anjelik.sk\/index.php\/wp-json\/wp\/v2\/posts\/29746\/revisions"}],"wp:attachment":[{"href":"https:\/\/www.e-anjelik.sk\/index.php\/wp-json\/wp\/v2\/media?parent=29746"}],"wp:term":[{"taxonomy":"category","embeddable":true,"href":"https:\/\/www.e-anjelik.sk\/index.php\/wp-json\/wp\/v2\/categories?post=29746"},{"taxonomy":"post_tag","embeddable":true,"href":"https:\/\/www.e-anjelik.sk\/index.php\/wp-json\/wp\/v2\/tags?post=29746"}],"curies":[{"name":"wp","href":"https:\/\/api.w.org\/{rel}","templated":true}]}}