{"id":29749,"date":"2016-01-05T14:55:36","date_gmt":"2016-01-05T12:55:36","guid":{"rendered":"http:\/\/www.evanjelik.sk\/?p=29749"},"modified":"2022-04-25T13:38:49","modified_gmt":"2022-04-25T11:38:49","slug":"otvorenie-denneho-stacionara-v-skalici","status":"publish","type":"post","link":"https:\/\/www.e-anjelik.sk\/index.php\/2016\/01\/05\/otvorenie-denneho-stacionara-v-skalici\/","title":{"rendered":"Otvorenie denn\u00e9ho stacion\u00e1ra v Skalici"},"content":{"rendered":"<p style=\"text-align: center;\">D\u0148a 6. janu\u00e1ra 2016 na sviatok Zjavenia P\u00e1na bolo sl\u00e1vnostn\u00e9 otvorenie denn\u00e9ho stacion\u00e1ra pri cirkevnom zbore ECAV v Skalici. Stacion\u00e1r bude pracova\u0165 cez pracovn\u00e9 dni. Kapacita je 15 os\u00f4b soci\u00e1lne odk\u00e1zan\u00fdch na t\u00fato slu\u017ebu. Stacion\u00e1r bude umiestnen\u00fd v zborovej sieni a pri\u013eahl\u00fdch priestoroch, ktor\u00e9 boli pre tento \u00fa\u010del rekon\u0161truovan\u00e9. Sl\u00e1vnostn\u00e9 otvorenie sa za\u010dalo slu\u017ebami Bo\u017e\u00edmi v chr\u00e1me. Po nich sa z\u00e1ujemci presunuli do zborovej siene, kde sa pod\u00e1vala trojkr\u00e1\u013eov\u00e1 kapustnica. Po ob\u010derstven\u00ed bolo mo\u017en\u00e9 diskutova\u0165 s bratom M. Krivdom, biskupom Z\u00e1padn\u00e9ho di\u0161triktu ECAV. Na otvoreni sa z\u00fa\u010dastnil i prim\u00e1tor Skalice p. Bar\u00e1t a ved\u00faca soci\u00e1lneho odboru Ms \u00da v Skalici i hostia z Evanjelickej diakonie v Bratislave.<\/p>\n","protected":false},"excerpt":{"rendered":"<p>D\u0148a 6. janu\u00e1ra 2016 na sviatok Zjavenia P\u00e1na bolo sl\u00e1vnostn\u00e9 otvorenie denn\u00e9ho stacion\u00e1ra pri cirkevnom zbore ECAV v Skalici. Stacion\u00e1r bude pracova\u0165 cez pracovn\u00e9 dni. Kapacita je 15 os\u00f4b soci\u00e1lne odk\u00e1zan\u00fdch na t\u00fato slu\u017ebu. Stacion\u00e1r bude umiestnen\u00fd v zborovej sieni a pri\u013eahl\u00fdch priestoroch, ktor\u00e9 boli pre tento \u00fa\u010del rekon\u0161truovan\u00e9. Sl\u00e1vnostn\u00e9 otvorenie sa za\u010dalo slu\u017ebami Bo\u017e\u00edmi &#8230; <a title=\"Otvorenie denn\u00e9ho stacion\u00e1ra v Skalici\" class=\"read-more\" href=\"https:\/\/www.e-anjelik.sk\/index.php\/2016\/01\/05\/otvorenie-denneho-stacionara-v-skalici\/\" aria-label=\"Pre\u010d\u00edtajte si viac o Otvorenie denn\u00e9ho stacion\u00e1ra v Skalici\">\u010c\u00edta\u0165 viac<\/a><\/p>\n","protected":false},"author":2,"featured_media":0,"comment_status":"open","ping_status":"closed","sticky":false,"template":"","format":"standard","meta":{"footnotes":""},"categories":[4,5,6,7,544],"tags":[],"class_list":["post-29749","post","type-post","status-publish","format-standard","hentry","category-akcie","category-diakonia","category-myjavsky-seniorat","category-skalica","category-zjavenie-epifania"],"_links":{"self":[{"href":"https:\/\/www.e-anjelik.sk\/index.php\/wp-json\/wp\/v2\/posts\/29749","targetHints":{"allow":["GET"]}}],"collection":[{"href":"https:\/\/www.e-anjelik.sk\/index.php\/wp-json\/wp\/v2\/posts"}],"about":[{"href":"https:\/\/www.e-anjelik.sk\/index.php\/wp-json\/wp\/v2\/types\/post"}],"author":[{"embeddable":true,"href":"https:\/\/www.e-anjelik.sk\/index.php\/wp-json\/wp\/v2\/users\/2"}],"replies":[{"embeddable":true,"href":"https:\/\/www.e-anjelik.sk\/index.php\/wp-json\/wp\/v2\/comments?post=29749"}],"version-history":[{"count":1,"href":"https:\/\/www.e-anjelik.sk\/index.php\/wp-json\/wp\/v2\/posts\/29749\/revisions"}],"predecessor-version":[{"id":35510,"href":"https:\/\/www.e-anjelik.sk\/index.php\/wp-json\/wp\/v2\/posts\/29749\/revisions\/35510"}],"wp:attachment":[{"href":"https:\/\/www.e-anjelik.sk\/index.php\/wp-json\/wp\/v2\/media?parent=29749"}],"wp:term":[{"taxonomy":"category","embeddable":true,"href":"https:\/\/www.e-anjelik.sk\/index.php\/wp-json\/wp\/v2\/categories?post=29749"},{"taxonomy":"post_tag","embeddable":true,"href":"https:\/\/www.e-anjelik.sk\/index.php\/wp-json\/wp\/v2\/tags?post=29749"}],"curies":[{"name":"wp","href":"https:\/\/api.w.org\/{rel}","templated":true}]}}