{"id":29751,"date":"2016-01-05T15:33:57","date_gmt":"2016-01-05T13:33:57","guid":{"rendered":"http:\/\/www.evanjelik.sk\/?p=29751"},"modified":"2016-01-05T15:33:57","modified_gmt":"2016-01-05T13:33:57","slug":"nie-som-charlie-rok-po","status":"publish","type":"post","link":"https:\/\/www.e-anjelik.sk\/index.php\/2016\/01\/05\/nie-som-charlie-rok-po\/","title":{"rendered":"Nie som Charlie! &#8211; rok po&#8230;"},"content":{"rendered":"<p>Redakcia Charlie Hebdo pri prvom v\u00fdro\u010d\u00ed \u00fatokov na ich redakciu na titulnej strane uverejnila karikat\u00fara kres\u0165ansk\u00e9ho Boha, s kala\u0161nikovom a krvou na \u0161at\u00e1ch a ruk\u00e1ch, s n\u00e1pisom &#8222;Skuto\u010dn\u00fd vrah je st\u00e1le na \u00fateku&#8220;. T\u00fdm (nie po prv\u00fd kr\u00e1t) provokuj\u00fa a \u00fato\u010dia na kres\u0165anov a Trojicu Sv\u00e4t\u00fa, hoci \u00fatoky na ich redakciu aj n\u00e1sledn\u00e9 \u00fatoky pri\u0161li zo strany islamistov. T\u00fdm potvrdzuj\u00fa svoju provokat\u00edvnu povahu &#8211; to v\u0161etko v mene viery v ateizmus a laicizmus (oddelenia \u0160t\u00e1tu a Cirkvi) a takzvanej slobody prejavu.<br \/>\nT\u00fdmto ale id\u00fa \u010faleko za hranice slobody prejavu. Nielen kres\u0165ania-evanjelici, ale aj mnoh\u00ed in\u00ed &#8211; mierumilovn\u00ed a tolerantn\u00ed \u013eudia &#8211; s\u00fa presved\u010den\u00ed, \u017ee so slobodou, ide ruka v ruke aj zodpovednos\u0165. V tomto pr\u00edpade zodpovednos\u0165 znamen\u00e1 re\u0161pekt k hodnot\u00e1m in\u00fdch, ktor\u00e9 navy\u0161e s t\u00fdmto \u00fatokom ni\u010d nemaj\u00fa spolo\u010dn\u00e9. V tom je aj re\u0161pekt k in\u00e9mu \u010dloveku aj ke\u010f s jeho n\u00e1zormi nes\u00fahlas\u00edme. S t\u00fdm rozdielom, \u017ee z kres\u0165anov je \u013eahk\u00e9 sa vysmieva\u0165 a ich takto hrubo ur\u00e1\u017ea\u0165. Nebolo by to posledn\u00fd kr\u00e1t a evanjelik to zara\u010fuje medzi da\u013e\u0161\u00ed prejav bezd\u00f4vodnej nen\u00e1visti vo\u010di kres\u0165anom a ich viere a prenasledovania z d\u00f4vodu n\u00e1bo\u017eensk\u00e9ho presved\u010denia.<br \/>\nKres\u0165ania nemaj\u00fa ani povolanie ani povolenie od svojho P\u00e1na &#8211; Boha, kona\u0165 pomstu ale mu ju odovzd\u00e1vaj\u00fa do r\u00fak, aby on s\u00e1m spravodlivo s\u00fadil, ako to vyzn\u00e1vaj\u00fa vo svojom Vierovyznan\u00ee &#8222;odtia\u013e pr\u00edde s\u00fadi\u0165 \u017eiv\u00fdch o m\u0155tvych&#8220;.<\/p>\n<p>Jednozna\u010dne si ale evanjelik mus\u00ed uvedomi\u0165 to \u010do u\u017e tu\u0161il pred rokom &#8211; &#8222;Je ne suis pas Charlie&#8220; &#8211; &#8222;Niesom Charlie&#8220;, ked\u017ee s t\u00fdmto druhom hrubej arogancie, ne-tolerancie a sprost\u00fdch \u00fatokov m\u00e1 kres\u0165ansk\u00e1 kult\u00fara a civiliz\u00e1cia rovnako m\u00e1lo spolo\u010dn\u00e9ho ako s radik\u00e1lnym islamom. <\/p>\n<p>Ako p\u00ed\u0161e <a href=\"http:\/\/www.faz.net\/aktuell\/feuilleton\/debatten\/gott-der-christen-auf-titel-der-charlie-hebdo-gedenkausgabe-13997138.html\">koment\u00e1tor Frankurter Algemeine<\/a>, po roku &#8211; \u010dasu sm\u00fatku &#8211; je \u010das aby sa \u010dlovek posunul \u010falej a aj pou\u010dil a z toho \u010do sa stalo. T\u00fdmto v\u00fdsmechom pre\u017eiv\u0161\u00ed redaktori sa stavaj\u00fa na rovnak\u00fa platformu s ideol\u00f3giou radik\u00e1lneho islamu &#8211; ur\u00e1\u017ea\u0165 a nen\u00e1vidie\u0165 in\u00fd n\u00e1zor. Potvrdzuj\u00fa svoju duchovn\u00fa p\u00fdchu a nedostatok pokory, najm\u00e4 po tom \u010do sa im stalo pred rokom.<br \/>\nApo\u0161tol Pavel <a href=\"http:\/\/www.svatepismo.sk\/listovat.php?kniha=55&#038;kapitola=6\">Galatsk\u00fdm <\/a>p\u00ed\u0161e: &#8222;Nem\u00fd\u013ete sa: Boh sa ned\u00e1 vysmieva\u0165. \u010co \u010dlovek zaseje, to bude aj \u017ea\u0165.&#8220;<br \/>\nNedalo by sa toto v\u0161etko ale interpretova\u0165 aj tak, \u017ee ke\u010f \u013eudia svojim v\u00fdsmechom Boha nielen provokuj\u00fa, a vedome poru\u0161uj\u00fa jeho prik\u00e1zania (&#8222;Nebude\u0161 bra\u0165 meno Bo\u017eie nadarmo!&#8220;), ich Boh m\u00f4\u017ee vyda\u0165 na pospas ich hriechu a pobl\u00fadeniu?<\/p>\n","protected":false},"excerpt":{"rendered":"<p>Redakcia Charlie Hebdo pri prvom v\u00fdro\u010d\u00ed \u00fatokov na ich redakciu na titulnej strane uverejnila karikat\u00fara kres\u0165ansk\u00e9ho Boha, s kala\u0161nikovom a krvou na \u0161at\u00e1ch a ruk\u00e1ch, s n\u00e1pisom &#8222;Skuto\u010dn\u00fd vrah je st\u00e1le na \u00fateku&#8220;. T\u00fdm (nie po prv\u00fd kr\u00e1t) provokuj\u00fa a \u00fato\u010dia na kres\u0165anov a Trojicu Sv\u00e4t\u00fa, hoci \u00fatoky na ich redakciu aj n\u00e1sledn\u00e9 \u00fatoky pri\u0161li &#8230; <a title=\"Nie som Charlie! &#8211; rok po&#8230;\" class=\"read-more\" href=\"https:\/\/www.e-anjelik.sk\/index.php\/2016\/01\/05\/nie-som-charlie-rok-po\/\" aria-label=\"Pre\u010d\u00edtajte si viac o Nie som Charlie! &#8211; rok po&#8230;\">\u010c\u00edta\u0165 viac<\/a><\/p>\n","protected":false},"author":5,"featured_media":0,"comment_status":"open","ping_status":"closed","sticky":false,"template":"","format":"standard","meta":{"footnotes":""},"categories":[9,10],"tags":[],"class_list":["post-29751","post","type-post","status-publish","format-standard","hentry","category-europa","category-zo-sveta"],"_links":{"self":[{"href":"https:\/\/www.e-anjelik.sk\/index.php\/wp-json\/wp\/v2\/posts\/29751","targetHints":{"allow":["GET"]}}],"collection":[{"href":"https:\/\/www.e-anjelik.sk\/index.php\/wp-json\/wp\/v2\/posts"}],"about":[{"href":"https:\/\/www.e-anjelik.sk\/index.php\/wp-json\/wp\/v2\/types\/post"}],"author":[{"embeddable":true,"href":"https:\/\/www.e-anjelik.sk\/index.php\/wp-json\/wp\/v2\/users\/5"}],"replies":[{"embeddable":true,"href":"https:\/\/www.e-anjelik.sk\/index.php\/wp-json\/wp\/v2\/comments?post=29751"}],"version-history":[{"count":0,"href":"https:\/\/www.e-anjelik.sk\/index.php\/wp-json\/wp\/v2\/posts\/29751\/revisions"}],"wp:attachment":[{"href":"https:\/\/www.e-anjelik.sk\/index.php\/wp-json\/wp\/v2\/media?parent=29751"}],"wp:term":[{"taxonomy":"category","embeddable":true,"href":"https:\/\/www.e-anjelik.sk\/index.php\/wp-json\/wp\/v2\/categories?post=29751"},{"taxonomy":"post_tag","embeddable":true,"href":"https:\/\/www.e-anjelik.sk\/index.php\/wp-json\/wp\/v2\/tags?post=29751"}],"curies":[{"name":"wp","href":"https:\/\/api.w.org\/{rel}","templated":true}]}}