{"id":2976,"date":"2010-08-21T15:03:09","date_gmt":"2010-08-21T15:03:09","guid":{"rendered":"http:\/\/e-anjelik.sk\/?p=2976"},"modified":"2010-08-21T15:03:09","modified_gmt":"2010-08-21T15:03:09","slug":"konferencia-vazenskych-duchovnych-v-stokholme","status":"publish","type":"post","link":"https:\/\/www.e-anjelik.sk\/index.php\/2010\/08\/21\/konferencia-vazenskych-duchovnych-v-stokholme\/","title":{"rendered":"Konferencia v\u00e4zensk\u00fdch duchovn\u00fdch v \u0160tokholme"},"content":{"rendered":"<p>V piatok 20. augusta t.r. sa v &Scaron;tokholme za\u010dala celosvetov&aacute; konferencia far&aacute;rov a diakonov pre pastoriz&aacute;ciu v&auml;z\u0148ov. Organizuje ju IPCA &#8211; International Prison Chaplains Association. Konferencia potrv&aacute; do utorka 24. augusta. &Uacute;\u010dastn&iacute;kov konferencie o.i. pozdravili gener&aacute;lny riadite\u013e v&auml;zn&iacute;c Lars Nyl&eacute;n, arcibiskup Anders Wejryd a biskupka &Scaron;tokholmu Eva Brunne.<\/p>\n<p>(<a href=\"http:\/\/www.dagen.se\">www.dagen.se<\/a>)<\/p>\n","protected":false},"excerpt":{"rendered":"<p>V piatok 20. augusta t.r. sa v &Scaron;tokholme za\u010dala celosvetov&aacute; konferencia far&aacute;rov a diakonov pre pastoriz&aacute;ciu v&auml;z\u0148ov. Organizuje ju IPCA &#8211; International Prison Chaplains Association. Konferencia potrv&aacute; do utorka 24. augusta. &Uacute;\u010dastn&iacute;kov konferencie o.i. pozdravili gener&aacute;lny riadite\u013e v&auml;zn&iacute;c Lars Nyl&eacute;n, arcibiskup Anders Wejryd a biskupka &Scaron;tokholmu Eva Brunne. (www.dagen.se)<\/p>\n","protected":false},"author":22,"featured_media":0,"comment_status":"open","ping_status":"open","sticky":false,"template":"","format":"standard","meta":{"footnotes":""},"categories":[42,10],"tags":[],"class_list":["post-2976","post","type-post","status-publish","format-standard","hentry","category-skandinavia","category-zo-sveta"],"_links":{"self":[{"href":"https:\/\/www.e-anjelik.sk\/index.php\/wp-json\/wp\/v2\/posts\/2976","targetHints":{"allow":["GET"]}}],"collection":[{"href":"https:\/\/www.e-anjelik.sk\/index.php\/wp-json\/wp\/v2\/posts"}],"about":[{"href":"https:\/\/www.e-anjelik.sk\/index.php\/wp-json\/wp\/v2\/types\/post"}],"author":[{"embeddable":true,"href":"https:\/\/www.e-anjelik.sk\/index.php\/wp-json\/wp\/v2\/users\/22"}],"replies":[{"embeddable":true,"href":"https:\/\/www.e-anjelik.sk\/index.php\/wp-json\/wp\/v2\/comments?post=2976"}],"version-history":[{"count":0,"href":"https:\/\/www.e-anjelik.sk\/index.php\/wp-json\/wp\/v2\/posts\/2976\/revisions"}],"wp:attachment":[{"href":"https:\/\/www.e-anjelik.sk\/index.php\/wp-json\/wp\/v2\/media?parent=2976"}],"wp:term":[{"taxonomy":"category","embeddable":true,"href":"https:\/\/www.e-anjelik.sk\/index.php\/wp-json\/wp\/v2\/categories?post=2976"},{"taxonomy":"post_tag","embeddable":true,"href":"https:\/\/www.e-anjelik.sk\/index.php\/wp-json\/wp\/v2\/tags?post=2976"}],"curies":[{"name":"wp","href":"https:\/\/api.w.org\/{rel}","templated":true}]}}