{"id":29823,"date":"2016-01-08T10:47:11","date_gmt":"2016-01-08T08:47:11","guid":{"rendered":"http:\/\/www.evanjelik.sk\/?p=29823"},"modified":"2022-04-25T13:38:49","modified_gmt":"2022-04-25T11:38:49","slug":"instalacia-biskupa-v-cieszyne","status":"publish","type":"post","link":"https:\/\/www.e-anjelik.sk\/index.php\/2016\/01\/08\/instalacia-biskupa-v-cieszyne\/","title":{"rendered":"In\u0161tal\u00e1cia biskupa v Cieszyne"},"content":{"rendered":"<p>Na sviatok Zjavenia P\u00e1na sa v najv\u00e4\u010d\u0161om murovanom ev. kostole v Po\u013esku, v Je\u017ei\u0161ovom chr\u00e1me v Cieszyne, konala vysviacka a in\u0161tal\u00e1cia nov\u00e9ho biskupa tejto diec\u00e9zy, 52\u00a0ro\u010dn\u00e9ho teol\u00f3ga A. Korczaga. Obrad viedol biskup Evanjelicko -Augsburskej cirkvi v Po\u013esku J. Samiec. Asistovali mu biskup M. Buenker z Viedne a biskup J. Waclawek z \u010cesk\u00e9ho Te\u0161\u00edna. Na sl\u00e1vnosti boli pr\u00edtomn\u00ed duchovn\u00ed z Po\u013eska\u00a0i zahrani\u010dia, z\u00e1stupcovia \u0161k\u00f4l, kult\u00fary, politiky a \u0161t\u00e1tnych \u00faradov, ako aj predstavitelia kres\u0165ansk\u00fdch cirkv\u00ed z Po\u013eska. S\u00fa\u010das\u0165ou bola spove\u010f a Ve\u010dera P\u00e1nova. Pred aktom vysviacky sa z\u00e1stupcovia diec\u00e9zy po\u010fakovali za takmer 24 ro\u010dn\u00fa slu\u017ebu vo funkcii biskupa doteraj\u0161iemu biskupovi P. Anweilerovi a jeho man\u017eelke. Nov\u00fd biskup si vzal za riadiace slov\u00e1 staroz\u00e1konn\u00fa modlitbu Abrah\u00e1ma: Nezab\u00fadaj Hospodine na svojho slu\u017eobn\u00edka svojou milos\u0165ou. V k\u00e1zni pripomenul evanjeliov\u00e9 prik\u00e1zanie l\u00e1sky a starostlivosti o nezamestnan\u00fdch, bezdomovcov, chor\u00fdch, biednych, star\u00fdch a v\u0161etk\u00fdch, ktor\u00ed s\u00fa v spore s P\u00e1nom Bohom. \u010ci biskup alebo aj cel\u00e1 cirkev maj\u00fa pam\u00e4ta\u0165, \u017ee s\u00fa odk\u00e1zan\u00ed na Bo\u017eie po\u017eehnanie a pomoc. Sl\u00e1vnos\u0165 ozdobili spevom viacer\u00e9 spevokoly a dychov\u00fd orchester diec\u00e9zy. Na z\u00e1ver in\u0161talovan\u00e9ho biskupa pozdravili: rektor CHAT , r\u00edm. kat. biskup a poslanec v EU parlamente J. Buzek.<\/p>\n<p>(Pod\u013ea priameho prenosu bohoslu\u017eieb cez internet)<\/p>\n","protected":false},"excerpt":{"rendered":"<p>Na sviatok Zjavenia P\u00e1na sa v najv\u00e4\u010d\u0161om murovanom ev. kostole v Po\u013esku, v Je\u017ei\u0161ovom chr\u00e1me v Cieszyne, konala vysviacka a in\u0161tal\u00e1cia nov\u00e9ho biskupa tejto diec\u00e9zy, 52\u00a0ro\u010dn\u00e9ho teol\u00f3ga A. Korczaga. Obrad viedol biskup Evanjelicko -Augsburskej cirkvi v Po\u013esku J. Samiec. Asistovali mu biskup M. Buenker z Viedne a biskup J. Waclawek z \u010cesk\u00e9ho Te\u0161\u00edna. Na sl\u00e1vnosti &#8230; <a title=\"In\u0161tal\u00e1cia biskupa v Cieszyne\" class=\"read-more\" href=\"https:\/\/www.e-anjelik.sk\/index.php\/2016\/01\/08\/instalacia-biskupa-v-cieszyne\/\" aria-label=\"Pre\u010d\u00edtajte si viac o In\u0161tal\u00e1cia biskupa v Cieszyne\">\u010c\u00edta\u0165 viac<\/a><\/p>\n","protected":false},"author":2,"featured_media":0,"comment_status":"open","ping_status":"closed","sticky":false,"template":"","format":"standard","meta":{"footnotes":""},"categories":[9,11,544],"tags":[],"class_list":["post-29823","post","type-post","status-publish","format-standard","hentry","category-europa","category-ordinacia","category-zjavenie-epifania"],"_links":{"self":[{"href":"https:\/\/www.e-anjelik.sk\/index.php\/wp-json\/wp\/v2\/posts\/29823","targetHints":{"allow":["GET"]}}],"collection":[{"href":"https:\/\/www.e-anjelik.sk\/index.php\/wp-json\/wp\/v2\/posts"}],"about":[{"href":"https:\/\/www.e-anjelik.sk\/index.php\/wp-json\/wp\/v2\/types\/post"}],"author":[{"embeddable":true,"href":"https:\/\/www.e-anjelik.sk\/index.php\/wp-json\/wp\/v2\/users\/2"}],"replies":[{"embeddable":true,"href":"https:\/\/www.e-anjelik.sk\/index.php\/wp-json\/wp\/v2\/comments?post=29823"}],"version-history":[{"count":1,"href":"https:\/\/www.e-anjelik.sk\/index.php\/wp-json\/wp\/v2\/posts\/29823\/revisions"}],"predecessor-version":[{"id":35509,"href":"https:\/\/www.e-anjelik.sk\/index.php\/wp-json\/wp\/v2\/posts\/29823\/revisions\/35509"}],"wp:attachment":[{"href":"https:\/\/www.e-anjelik.sk\/index.php\/wp-json\/wp\/v2\/media?parent=29823"}],"wp:term":[{"taxonomy":"category","embeddable":true,"href":"https:\/\/www.e-anjelik.sk\/index.php\/wp-json\/wp\/v2\/categories?post=29823"},{"taxonomy":"post_tag","embeddable":true,"href":"https:\/\/www.e-anjelik.sk\/index.php\/wp-json\/wp\/v2\/tags?post=29823"}],"curies":[{"name":"wp","href":"https:\/\/api.w.org\/{rel}","templated":true}]}}