{"id":29831,"date":"2016-01-11T17:47:03","date_gmt":"2016-01-11T15:47:03","guid":{"rendered":"http:\/\/www.evanjelik.sk\/?p=29831"},"modified":"2016-01-11T17:47:03","modified_gmt":"2016-01-11T15:47:03","slug":"stretnutie-mladych-vo-valencii","status":"publish","type":"post","link":"https:\/\/www.e-anjelik.sk\/index.php\/2016\/01\/11\/stretnutie-mladych-vo-valencii\/","title":{"rendered":"Stretnutie mlad\u00fdch vo Valencii"},"content":{"rendered":"<p>U\u017e v porad\u00ed 38. stretnutie mlad\u00fdch kres\u0165anov z 52 kraj\u00edn sa konalo od 28. decembra do 1. janu\u00e1ra 2016 v \u0161panielskom meste Valencia. Stretnutie organizovalo ekumenick\u00e9 spolo\u010denstvo bratov z komunity Taiz\u00e9. Na stretnut\u00ed bolo pr\u00edtomn\u00fdch do 30 tis\u00edc mlad\u00fdch. Modlitby a spevy boli zameran\u00e9 za svetov\u00fd mier a solidaritu k biednym a n\u00fadznym. Brat Alois, ved\u00faci komunity, vyzval na jednoduch\u00fd sp\u00f4sob \u017eitia, menej konzumu a viacej solidarity. Bud\u00face koncoro\u010dne podobn\u00e9 stretnutie sa bude kona\u0165 v hlavnom meste Loty\u0161ska Rige.<\/p>\n<p>( www.evangelisch.de)<\/p>\n","protected":false},"excerpt":{"rendered":"<p>U\u017e v porad\u00ed 38. stretnutie mlad\u00fdch kres\u0165anov z 52 kraj\u00edn sa konalo od 28. decembra do 1. janu\u00e1ra 2016 v \u0161panielskom meste Valencia. Stretnutie organizovalo ekumenick\u00e9 spolo\u010denstvo bratov z komunity Taiz\u00e9. Na stretnut\u00ed bolo pr\u00edtomn\u00fdch do 30 tis\u00edc mlad\u00fdch. Modlitby a spevy boli zameran\u00e9 za svetov\u00fd mier a solidaritu k biednym a n\u00fadznym. Brat Alois, &#8230; <a title=\"Stretnutie mlad\u00fdch vo Valencii\" class=\"read-more\" href=\"https:\/\/www.e-anjelik.sk\/index.php\/2016\/01\/11\/stretnutie-mladych-vo-valencii\/\" aria-label=\"Pre\u010d\u00edtajte si viac o Stretnutie mlad\u00fdch vo Valencii\">\u010c\u00edta\u0165 viac<\/a><\/p>\n","protected":false},"author":2,"featured_media":0,"comment_status":"open","ping_status":"closed","sticky":false,"template":"","format":"standard","meta":{"footnotes":""},"categories":[4,2,9,13,15],"tags":[],"class_list":["post-29831","post","type-post","status-publish","format-standard","hentry","category-akcie","category-ekumena","category-europa","category-mladez","category-novy-rok"],"_links":{"self":[{"href":"https:\/\/www.e-anjelik.sk\/index.php\/wp-json\/wp\/v2\/posts\/29831","targetHints":{"allow":["GET"]}}],"collection":[{"href":"https:\/\/www.e-anjelik.sk\/index.php\/wp-json\/wp\/v2\/posts"}],"about":[{"href":"https:\/\/www.e-anjelik.sk\/index.php\/wp-json\/wp\/v2\/types\/post"}],"author":[{"embeddable":true,"href":"https:\/\/www.e-anjelik.sk\/index.php\/wp-json\/wp\/v2\/users\/2"}],"replies":[{"embeddable":true,"href":"https:\/\/www.e-anjelik.sk\/index.php\/wp-json\/wp\/v2\/comments?post=29831"}],"version-history":[{"count":0,"href":"https:\/\/www.e-anjelik.sk\/index.php\/wp-json\/wp\/v2\/posts\/29831\/revisions"}],"wp:attachment":[{"href":"https:\/\/www.e-anjelik.sk\/index.php\/wp-json\/wp\/v2\/media?parent=29831"}],"wp:term":[{"taxonomy":"category","embeddable":true,"href":"https:\/\/www.e-anjelik.sk\/index.php\/wp-json\/wp\/v2\/categories?post=29831"},{"taxonomy":"post_tag","embeddable":true,"href":"https:\/\/www.e-anjelik.sk\/index.php\/wp-json\/wp\/v2\/tags?post=29831"}],"curies":[{"name":"wp","href":"https:\/\/api.w.org\/{rel}","templated":true}]}}