{"id":2984,"date":"2010-08-25T13:36:31","date_gmt":"2010-08-25T13:36:31","guid":{"rendered":"http:\/\/e-anjelik.sk\/?p=2984"},"modified":"2010-08-25T13:36:31","modified_gmt":"2010-08-25T13:36:31","slug":"vedenie-elkras-europskeho-ruska-na-navsteve-v-nemecku","status":"publish","type":"post","link":"https:\/\/www.e-anjelik.sk\/index.php\/2010\/08\/25\/vedenie-elkras-europskeho-ruska-na-navsteve-v-nemecku\/","title":{"rendered":"Vedenie ELKRAS eur\u00f3pskeho Ruska na n\u00e1v\u0161teve v Nemecku"},"content":{"rendered":"<p>Od 22. augusta t.r. je na n&aacute;v&scaron;teve Nemecka vedenie Evanjelicko-luter&aacute;nskej cirkvi eur&oacute;pskeho Ruska z Moskvy. Deleg&aacute;ciu tvoria: biskupsk&yacute; vizit&aacute;tor Dietrich Brauer, v&yacute;konn&yacute; ved&uacute;ci cirkvi Alexander Zerr a predsedn&iacute;\u010dka synody Ludmila Pankratova. Deleg&aacute;cia najsk&ocirc;r nav&scaron;t&iacute;vila Spolok Martina Luthera&nbsp;v Erlangene a nesk&ocirc;r Spolok Gustava Adolfa v Lipsku. Na oboch miestach hostia podali inform&aacute;cie o stave cirkvi a o vz&aacute;jomn&yacute;ch vz\u0165ahoch jednotliv&yacute;ch cirkevn&yacute;ch regi&oacute;nov v ELKRAS. Obe pomocn&eacute; organiz&aacute;cie v&yacute;znamne pom&aacute;haj&uacute; tejto cirkvi materi&aacute;lne a finan\u010dne.<\/p>\n<p>(<a href=\"http:\/\/www.gustav-adolf-werk.de\">www.gustav-adolf-werk.de<\/a>)<\/p>\n","protected":false},"excerpt":{"rendered":"<p>Od 22. augusta t.r. je na n&aacute;v&scaron;teve Nemecka vedenie Evanjelicko-luter&aacute;nskej cirkvi eur&oacute;pskeho Ruska z Moskvy. Deleg&aacute;ciu tvoria: biskupsk&yacute; vizit&aacute;tor Dietrich Brauer, v&yacute;konn&yacute; ved&uacute;ci cirkvi Alexander Zerr a predsedn&iacute;\u010dka synody Ludmila Pankratova. Deleg&aacute;cia najsk&ocirc;r nav&scaron;t&iacute;vila Spolok Martina Luthera&nbsp;v Erlangene a nesk&ocirc;r Spolok Gustava Adolfa v Lipsku. Na oboch miestach hostia podali inform&aacute;cie o stave cirkvi a &#8230; <a title=\"Vedenie ELKRAS eur\u00f3pskeho Ruska na n\u00e1v\u0161teve v Nemecku\" class=\"read-more\" href=\"https:\/\/www.e-anjelik.sk\/index.php\/2010\/08\/25\/vedenie-elkras-europskeho-ruska-na-navsteve-v-nemecku\/\" aria-label=\"Pre\u010d\u00edtajte si viac o Vedenie ELKRAS eur\u00f3pskeho Ruska na n\u00e1v\u0161teve v Nemecku\">\u010c\u00edta\u0165 viac<\/a><\/p>\n","protected":false},"author":22,"featured_media":0,"comment_status":"open","ping_status":"open","sticky":false,"template":"","format":"standard","meta":{"footnotes":""},"categories":[9,35,10],"tags":[],"class_list":["post-2984","post","type-post","status-publish","format-standard","hentry","category-europa","category-rusko-a-ine","category-zo-sveta"],"_links":{"self":[{"href":"https:\/\/www.e-anjelik.sk\/index.php\/wp-json\/wp\/v2\/posts\/2984","targetHints":{"allow":["GET"]}}],"collection":[{"href":"https:\/\/www.e-anjelik.sk\/index.php\/wp-json\/wp\/v2\/posts"}],"about":[{"href":"https:\/\/www.e-anjelik.sk\/index.php\/wp-json\/wp\/v2\/types\/post"}],"author":[{"embeddable":true,"href":"https:\/\/www.e-anjelik.sk\/index.php\/wp-json\/wp\/v2\/users\/22"}],"replies":[{"embeddable":true,"href":"https:\/\/www.e-anjelik.sk\/index.php\/wp-json\/wp\/v2\/comments?post=2984"}],"version-history":[{"count":0,"href":"https:\/\/www.e-anjelik.sk\/index.php\/wp-json\/wp\/v2\/posts\/2984\/revisions"}],"wp:attachment":[{"href":"https:\/\/www.e-anjelik.sk\/index.php\/wp-json\/wp\/v2\/media?parent=2984"}],"wp:term":[{"taxonomy":"category","embeddable":true,"href":"https:\/\/www.e-anjelik.sk\/index.php\/wp-json\/wp\/v2\/categories?post=2984"},{"taxonomy":"post_tag","embeddable":true,"href":"https:\/\/www.e-anjelik.sk\/index.php\/wp-json\/wp\/v2\/tags?post=2984"}],"curies":[{"name":"wp","href":"https:\/\/api.w.org\/{rel}","templated":true}]}}