{"id":29844,"date":"2016-01-15T05:46:45","date_gmt":"2016-01-15T03:46:45","guid":{"rendered":"http:\/\/www.evanjelik.sk\/?p=29844"},"modified":"2016-01-15T05:46:45","modified_gmt":"2016-01-15T03:46:45","slug":"vyzva-na-spolocne-modlitby-evanjelikov-a-katolikov","status":"publish","type":"post","link":"https:\/\/www.e-anjelik.sk\/index.php\/2016\/01\/15\/vyzva-na-spolocne-modlitby-evanjelikov-a-katolikov\/","title":{"rendered":"V\u00fdzva na spolo\u010dn\u00e9 modlitby evanjelikov a katol\u00edkov"},"content":{"rendered":"<p>11. janu\u00e1ra 2016 bola uverejnen\u00e1 v\u00fdzva gener\u00e1lneho tajomn\u00edka Svetov\u00e9ho luter\u00e1nskeho zv\u00e4zu far\u00e1ra Dr. Martina Junga a predsedu P\u00e1pe\u017eskej rady pre napom\u00e1hanie jednoty kres\u0165anov Kurta kardin\u00e1la Kocha \u010dlensk\u00fdm cirkv\u00e1m SLZ a katol\u00edckym biskupsk\u00fdm konferenci\u00e1m vo svete vyu\u017ei\u0165 pripraven\u00fd materi\u00e1l Spolo\u010dn\u00e9 modlitby k pripomienke 500. v\u00fdro\u010dia reform\u00e1cie v r. 2017. Pripraven\u00e1 pr\u00edru\u010dka sa naz\u00fdva Od konfliktu k spolo\u010denstvu a bola spolo\u010dne pripraven\u00e1 liturgick\u00fdmi komisiami oboch organiz\u00e1ci\u00ed. Obsahuje materi\u00e1ly, ktor\u00e9 m\u00f4\u017eu by\u0165\u00a0prisp\u00f4soben\u00e9 miestnym liturgick\u00fdm a hudobn\u00fdm trad\u00edci\u00e1m v oboch cirkv\u00e1ch. Pr\u00edru\u010dka je \u00a0\u0161trukturovan\u00e1 okolo t\u00e9m \u00a0v\u010fakyvzdania, pok\u00e1nia a z\u00e1v\u00e4zku k spolo\u010dn\u00e9mu svedectvu.<\/p>\n<p>Vo svojom spolo\u010dnom liste Junge a Koch pripom\u00ednaj\u00fa cirkevn\u00fdm ved\u00facim, \u017ee v roku 2017 si budeme pripom\u00edna\u0165 tie\u017e 50 rokov spolo\u010dn\u00e9ho ekumenick\u00e9ho dial\u00f3gu medzi oboma konfesiami. V tomto roku bude pre SLZ aj 12. valn\u00fdm zhroma\u017eden\u00edm vo Windhoeku, Nam\u00edbia, s t\u00e9mou &#8222;Osloboden\u00ed Bo\u017eou milos\u0165ou&#8220;. V okt\u00f3bri v tom istom roku obe organiz\u00e1cie bud\u00fa hos\u0165ami na ekumenickej spomienkovej\u00a0akcii 70. v\u00fdro\u010dia zalo\u017eenia SLZ v Lunde v r. 1947.<\/p>\n<p>(www.lutheranworld.org)<\/p>\n","protected":false},"excerpt":{"rendered":"<p>11. janu\u00e1ra 2016 bola uverejnen\u00e1 v\u00fdzva gener\u00e1lneho tajomn\u00edka Svetov\u00e9ho luter\u00e1nskeho zv\u00e4zu far\u00e1ra Dr. Martina Junga a predsedu P\u00e1pe\u017eskej rady pre napom\u00e1hanie jednoty kres\u0165anov Kurta kardin\u00e1la Kocha \u010dlensk\u00fdm cirkv\u00e1m SLZ a katol\u00edckym biskupsk\u00fdm konferenci\u00e1m vo svete vyu\u017ei\u0165 pripraven\u00fd materi\u00e1l Spolo\u010dn\u00e9 modlitby k pripomienke 500. v\u00fdro\u010dia reform\u00e1cie v r. 2017. Pripraven\u00e1 pr\u00edru\u010dka sa naz\u00fdva Od konfliktu k &#8230; <a title=\"V\u00fdzva na spolo\u010dn\u00e9 modlitby evanjelikov a katol\u00edkov\" class=\"read-more\" href=\"https:\/\/www.e-anjelik.sk\/index.php\/2016\/01\/15\/vyzva-na-spolocne-modlitby-evanjelikov-a-katolikov\/\" aria-label=\"Pre\u010d\u00edtajte si viac o V\u00fdzva na spolo\u010dn\u00e9 modlitby evanjelikov a katol\u00edkov\">\u010c\u00edta\u0165 viac<\/a><\/p>\n","protected":false},"author":2,"featured_media":0,"comment_status":"open","ping_status":"closed","sticky":false,"template":"","format":"standard","meta":{"footnotes":""},"categories":[4,24,2,25,26,27,10],"tags":[],"class_list":["post-29844","post","type-post","status-publish","format-standard","hentry","category-akcie","category-cirkevna-hudba","category-ekumena","category-liturgia","category-pamiatka-reformacie","category-slz","category-zo-sveta"],"_links":{"self":[{"href":"https:\/\/www.e-anjelik.sk\/index.php\/wp-json\/wp\/v2\/posts\/29844","targetHints":{"allow":["GET"]}}],"collection":[{"href":"https:\/\/www.e-anjelik.sk\/index.php\/wp-json\/wp\/v2\/posts"}],"about":[{"href":"https:\/\/www.e-anjelik.sk\/index.php\/wp-json\/wp\/v2\/types\/post"}],"author":[{"embeddable":true,"href":"https:\/\/www.e-anjelik.sk\/index.php\/wp-json\/wp\/v2\/users\/2"}],"replies":[{"embeddable":true,"href":"https:\/\/www.e-anjelik.sk\/index.php\/wp-json\/wp\/v2\/comments?post=29844"}],"version-history":[{"count":0,"href":"https:\/\/www.e-anjelik.sk\/index.php\/wp-json\/wp\/v2\/posts\/29844\/revisions"}],"wp:attachment":[{"href":"https:\/\/www.e-anjelik.sk\/index.php\/wp-json\/wp\/v2\/media?parent=29844"}],"wp:term":[{"taxonomy":"category","embeddable":true,"href":"https:\/\/www.e-anjelik.sk\/index.php\/wp-json\/wp\/v2\/categories?post=29844"},{"taxonomy":"post_tag","embeddable":true,"href":"https:\/\/www.e-anjelik.sk\/index.php\/wp-json\/wp\/v2\/tags?post=29844"}],"curies":[{"name":"wp","href":"https:\/\/api.w.org\/{rel}","templated":true}]}}