{"id":29846,"date":"2016-01-15T12:50:40","date_gmt":"2016-01-15T10:50:40","guid":{"rendered":"http:\/\/www.evanjelik.sk\/?p=29846"},"modified":"2016-01-15T12:50:40","modified_gmt":"2016-01-15T10:50:40","slug":"ekumenicky-tyzden-modlitieb-za-jednotu-krestanov","status":"publish","type":"post","link":"https:\/\/www.e-anjelik.sk\/index.php\/2016\/01\/15\/ekumenicky-tyzden-modlitieb-za-jednotu-krestanov\/","title":{"rendered":"Ekumenick\u00fd t\u00fd\u017ede\u0148 modlitieb za jednotu kres\u0165anov"},"content":{"rendered":"<p>T\u00e9mou tohtoro\u010dn\u00e9ho T\u00fd\u017ed\u0148a s\u00fa slov\u00e1 z 1. Listu Petra 2,9: &#8220; Povolan\u00ed zvestova\u0165 ve\u013ek\u00e9 skutky P\u00e1nove.&#8220; Na severnej pologuli bude prebieha\u0165 od 18. janu\u00e1ra do 25. janu\u00e1ra 2016. Kres\u0165ania na Slovensku sa z\u00eddu na mnoh\u00fdch miestach. Celoslovensk\u00e9 modlitby bud\u00fa na ekumenick\u00fdch bohoslu\u017ebach v evanjelickom kostole v Zemianskom Podhrad\u00ed o 10.00 hodine v nede\u013eu 24. januara 2016. Materi\u00e1ly k modlitb\u00e1m pre tento rok pripravili kres\u0165ania z Loty\u0161ska.<\/p>\n<p>(www.tkkbs.sk)<\/p>\n<p>&nbsp;<\/p>\n<p>&nbsp;<\/p>\n<p>&nbsp;<\/p>\n","protected":false},"excerpt":{"rendered":"<p>T\u00e9mou tohtoro\u010dn\u00e9ho T\u00fd\u017ed\u0148a s\u00fa slov\u00e1 z 1. Listu Petra 2,9: &#8220; Povolan\u00ed zvestova\u0165 ve\u013ek\u00e9 skutky P\u00e1nove.&#8220; Na severnej pologuli bude prebieha\u0165 od 18. janu\u00e1ra do 25. janu\u00e1ra 2016. Kres\u0165ania na Slovensku sa z\u00eddu na mnoh\u00fdch miestach. Celoslovensk\u00e9 modlitby bud\u00fa na ekumenick\u00fdch bohoslu\u017ebach v evanjelickom kostole v Zemianskom Podhrad\u00ed o 10.00 hodine v nede\u013eu 24. januara &#8230; <a title=\"Ekumenick\u00fd t\u00fd\u017ede\u0148 modlitieb za jednotu kres\u0165anov\" class=\"read-more\" href=\"https:\/\/www.e-anjelik.sk\/index.php\/2016\/01\/15\/ekumenicky-tyzden-modlitieb-za-jednotu-krestanov\/\" aria-label=\"Pre\u010d\u00edtajte si viac o Ekumenick\u00fd t\u00fd\u017ede\u0148 modlitieb za jednotu kres\u0165anov\">\u010c\u00edta\u0165 viac<\/a><\/p>\n","protected":false},"author":2,"featured_media":0,"comment_status":"open","ping_status":"closed","sticky":false,"template":"","format":"standard","meta":{"footnotes":""},"categories":[4,2,28,29,10],"tags":[],"class_list":["post-29846","post","type-post","status-publish","format-standard","hentry","category-akcie","category-ekumena","category-modlitby-za-jednotu-krestanov","category-zemianske-podhradie","category-zo-sveta"],"_links":{"self":[{"href":"https:\/\/www.e-anjelik.sk\/index.php\/wp-json\/wp\/v2\/posts\/29846","targetHints":{"allow":["GET"]}}],"collection":[{"href":"https:\/\/www.e-anjelik.sk\/index.php\/wp-json\/wp\/v2\/posts"}],"about":[{"href":"https:\/\/www.e-anjelik.sk\/index.php\/wp-json\/wp\/v2\/types\/post"}],"author":[{"embeddable":true,"href":"https:\/\/www.e-anjelik.sk\/index.php\/wp-json\/wp\/v2\/users\/2"}],"replies":[{"embeddable":true,"href":"https:\/\/www.e-anjelik.sk\/index.php\/wp-json\/wp\/v2\/comments?post=29846"}],"version-history":[{"count":0,"href":"https:\/\/www.e-anjelik.sk\/index.php\/wp-json\/wp\/v2\/posts\/29846\/revisions"}],"wp:attachment":[{"href":"https:\/\/www.e-anjelik.sk\/index.php\/wp-json\/wp\/v2\/media?parent=29846"}],"wp:term":[{"taxonomy":"category","embeddable":true,"href":"https:\/\/www.e-anjelik.sk\/index.php\/wp-json\/wp\/v2\/categories?post=29846"},{"taxonomy":"post_tag","embeddable":true,"href":"https:\/\/www.e-anjelik.sk\/index.php\/wp-json\/wp\/v2\/tags?post=29846"}],"curies":[{"name":"wp","href":"https:\/\/api.w.org\/{rel}","templated":true}]}}