{"id":29849,"date":"2016-03-20T09:18:48","date_gmt":"2016-03-20T07:18:48","guid":{"rendered":"http:\/\/www.evanjelik.sk\/?p=29849"},"modified":"2016-03-20T09:18:48","modified_gmt":"2016-03-20T07:18:48","slug":"stur-160-rokov-od-umrtia","status":"publish","type":"post","link":"https:\/\/www.e-anjelik.sk\/index.php\/2016\/03\/20\/stur-160-rokov-od-umrtia\/","title":{"rendered":"\u0160t\u00far &#8211; 160 rokov od \u00famrtia"},"content":{"rendered":"<p>V \u010dasopise <a href=\"http:\/\/mi.memoria.sk\/index.html#v=zoom&amp;i=12285&amp;p=\">\u017dIVENA<\/a>, ro\u010dn\u00edk VII, janu\u00e1r 1916 pravdivo o \u013dudov\u00edtovi \u0160t\u00farovi p\u00ed\u0161e Vajansk\u00fd [pri pr\u00edle\u017eitosti st\u00e9ho v\u00fdro\u010dia narodenia]:<\/p>\n<p>\u201eVe\u010f s\u00fa diela a zjavy, ktor\u00fdmi ani naj\u017eiv\u0161ie slovo, ani najson\u00f3rnej\u0161\u00ed t\u00f3n, ani najjasnej\u0161\u00ed blesk zovn\u00fatorn\u00fd nedod\u00e1 v\u00fdznamu, ak sme ich len vn\u00fatorne pochopili, v du\u0161i uv\u00e1\u017eili, v srdci prec\u00edtili. S\u00fa duchovia, ktor\u00ed vl\u00e1dnu nami, na\u0161\u00edm vn\u00fatorn\u00fdm svetom, na\u0161imi mys\u013eami, citmi, n\u00e1dejami, tak \u017ee bez nich boli by sme \u017eiv\u00fdmi m\u0155tvolami a netrebnou massou hmoty, koris\u0165ou \u010dervov. S\u00fa duchovia, ktor\u00ed ako slnko pr\u00edrodu, tak prenikaj\u00fa na\u0161u duchovn\u00fa osnovu, osvet\u013euj\u00fa, zahrievaj\u00fa a oplod\u0148uj\u00fa.<br \/>\n\u0160t\u00far patr\u00ed k vysokej ekklesii tak\u00fdch duchov. Inici\u00e1tor, tvoriv\u00fd genij, z\u00e1konodate\u013e \u017eivota n\u00e1rodn\u00e9ho, prorok, dejate\u013e. Kriesite\u013e m\u0155tveho Laz\u00e1ra, lek\u00e1r chor\u00e9ho, \u017eehnate\u013e zabudnut\u00e9ho a zahoden\u00e9ho. Rozpom\u00ednajme sa na neho i v t\u00fdchto hrozn\u00fdch \u010dasoch a biedach, jeho vysok\u00fd a svetl\u00fd obraz nech n\u00e1m pom\u00e1ha v \u00fazkostiach a b\u00f4\u013eoch, na kr\u00fddlach jeho jasn\u00e9ho, ohniv\u00e9ho ducha, silnej mysli a prorock\u00e9ho nad\u0161enia prele\u0165me cez hmly a mr\u00e1kavy k svetlej bud\u00facnosti. Nech pam\u00e4\u0165 jeho ob\u017eiv\u00ed zomdlen\u00fdch, pote\u0161\u00ed skorm\u00faten\u00fdch a k \u017eivotu a n\u00e1deji pozdvihne z\u00fafale klesaj\u00facich. Ve\u010dn\u00e1, v\u0161adepr\u00edtomn\u00e1, sl\u00e1vna a \u017eiv\u00e1 nech je jeho pam\u00e4\u0165!\u201c<\/p>\n<p>&nbsp;<\/p>\n<p>&nbsp;<\/p>\n<p>Dodajme, \u017ee \u0160t\u00far je pre n\u00e1s vzorom prav\u00e9ho patriotizmu. Mnoh\u00ed si myslia, \u017ee vlastenectvo a duchovn\u00fd \u017eivot nejde do kopy, \u017ee rodo\u013eubstvo je sokom duchovn\u00e9ho \u017eivota. To je v\u0161ak omyl. Apo\u0161tol Pavel s\u00edce hovor\u00ed, \u017ee v Kristovi nieto \u017dida ani Gr\u00e9ka, ale ten ist\u00fd apo\u0161tol \u017eiada rad\u0161ej s\u00e1m by\u0165 zavrhnut\u00fd od Krista, ak by t\u00fdm mohol z\u00edska\u0165 svojich bratov -rod\u00e1kov. Naj\u017eiarivej\u0161\u00edm pr\u00edkladom prav\u00e9ho vlastenectva n\u00e1m zanechal n\u00e1\u0161 P\u00e1n, ktor\u00fd plakal nad Jeruzalemom a ktor\u00fd sa venoval v\u00fdlu\u010dne svojmu n\u00e1rodu. Nezmazate\u013en\u00fdm znakom v\u0161etk\u00fdch cenn\u00fdch \u013eud\u00ed je, \u017ee miluj\u00fa svoj n\u00e1rod, a to je znakom Bo\u017e\u00edch charakterov. Tak\u00ed boli v\u0161etci ve\u013ek\u00ed mu\u017eovia Biblie, ale aj dej\u00edn \u013eudstva.<\/p>\n<p>&nbsp;<br \/>\n\u0160t\u00far zostal vysok\u00fdm, \u017eiariv\u00fdm maj\u00e1kom, ktor\u00e9ho svetlo preniklo hist\u00f3riu slovensk\u00e9ho n\u00e1roda a zasvietilo i do na\u0161ich dn\u00ed. Klas, nie pr\u00e1zdny, ale pln\u00fd mno\u017estvom bohat\u00fdch z\u0155n, nem\u00f4\u017ee zapadn\u00fa\u0165 do zabudnutia. Tak\u00e9 klasy s\u00fa nehyn\u00face, ktor\u00e9 sa st\u00e1vaj\u00fa pre cirkev, pre n\u00e1rod, pre rodinu ve\u013ek\u00fdm bohatstvom a po\u017eehnan\u00edm. \u0160\u0165astn\u00fd n\u00e1rod, ktor\u00fd m\u00e1 vo svojom strede tak\u00e9 bohat\u00e9 klasy.<\/p>\n<p>&nbsp;<\/p>\n<p>&nbsp;<br \/>\nVlastenectvo sa st\u00e1va bo\u013eav\u00fdm probl\u00e9mom n\u00e1\u0161ho pokolenia. Pova\u017euj\u00fa ho za skazonosn\u00e9. Mnoh\u00ed si myslia, \u017ee je burinou v \u017eivote n\u00e1rodov, \u017ee jeho vykorenen\u00edm odstr\u00e1nia pr\u00ed\u010dinu vojen a \u017ee sa \u013eudia stan\u00fa lep\u0161\u00edmi. Je pravda, \u017ee chor\u00fd nacionalizmus narobil v \u017eivote n\u00e1rodov ve\u013ea zla a \u0161kody. Bolo to v\u0161ak len preto, \u017ee sa to dobr\u00e9 vo vlastenectve pokazilo a zdrav\u00e9 ochorelo. Sme presved\u010den\u00ed, \u017ee v zdravom rodo\u013eubstve sa skr\u00fdvaj\u00fa najcennej\u0161ie a naju\u0161\u013eachtilej\u0161ie hodnoty \u010dloveka.<\/p>\n<p>&nbsp;<\/p>\n<p>Pokoj V\u00e1m!!<\/p>\n","protected":false},"excerpt":{"rendered":"<p>V \u010dasopise \u017dIVENA, ro\u010dn\u00edk VII, janu\u00e1r 1916 pravdivo o \u013dudov\u00edtovi \u0160t\u00farovi p\u00ed\u0161e Vajansk\u00fd [pri pr\u00edle\u017eitosti st\u00e9ho v\u00fdro\u010dia narodenia]: \u201eVe\u010f s\u00fa diela a zjavy, ktor\u00fdmi ani naj\u017eiv\u0161ie slovo, ani najson\u00f3rnej\u0161\u00ed t\u00f3n, ani najjasnej\u0161\u00ed blesk zovn\u00fatorn\u00fd nedod\u00e1 v\u00fdznamu, ak sme ich len vn\u00fatorne pochopili, v du\u0161i uv\u00e1\u017eili, v srdci prec\u00edtili. S\u00fa duchovia, ktor\u00ed vl\u00e1dnu nami, na\u0161\u00edm vn\u00fatorn\u00fdm &#8230; <a title=\"\u0160t\u00far &#8211; 160 rokov od \u00famrtia\" class=\"read-more\" href=\"https:\/\/www.e-anjelik.sk\/index.php\/2016\/03\/20\/stur-160-rokov-od-umrtia\/\" aria-label=\"Pre\u010d\u00edtajte si viac o \u0160t\u00far &#8211; 160 rokov od \u00famrtia\">\u010c\u00edta\u0165 viac<\/a><\/p>\n","protected":false},"author":3,"featured_media":0,"comment_status":"open","ping_status":"closed","sticky":false,"template":"","format":"standard","meta":{"footnotes":""},"categories":[14,69],"tags":[],"class_list":["post-29849","post","type-post","status-publish","format-standard","hentry","category-osobnosti","category-spominame"],"_links":{"self":[{"href":"https:\/\/www.e-anjelik.sk\/index.php\/wp-json\/wp\/v2\/posts\/29849","targetHints":{"allow":["GET"]}}],"collection":[{"href":"https:\/\/www.e-anjelik.sk\/index.php\/wp-json\/wp\/v2\/posts"}],"about":[{"href":"https:\/\/www.e-anjelik.sk\/index.php\/wp-json\/wp\/v2\/types\/post"}],"author":[{"embeddable":true,"href":"https:\/\/www.e-anjelik.sk\/index.php\/wp-json\/wp\/v2\/users\/3"}],"replies":[{"embeddable":true,"href":"https:\/\/www.e-anjelik.sk\/index.php\/wp-json\/wp\/v2\/comments?post=29849"}],"version-history":[{"count":0,"href":"https:\/\/www.e-anjelik.sk\/index.php\/wp-json\/wp\/v2\/posts\/29849\/revisions"}],"wp:attachment":[{"href":"https:\/\/www.e-anjelik.sk\/index.php\/wp-json\/wp\/v2\/media?parent=29849"}],"wp:term":[{"taxonomy":"category","embeddable":true,"href":"https:\/\/www.e-anjelik.sk\/index.php\/wp-json\/wp\/v2\/categories?post=29849"},{"taxonomy":"post_tag","embeddable":true,"href":"https:\/\/www.e-anjelik.sk\/index.php\/wp-json\/wp\/v2\/tags?post=29849"}],"curies":[{"name":"wp","href":"https:\/\/api.w.org\/{rel}","templated":true}]}}