{"id":2985,"date":"2010-08-27T04:53:59","date_gmt":"2010-08-27T04:53:59","guid":{"rendered":"http:\/\/e-anjelik.sk\/?p=2985"},"modified":"2010-08-27T04:53:59","modified_gmt":"2010-08-27T04:53:59","slug":"stretnutia-studentov-a-navstevnikov-v-bratislave","status":"publish","type":"post","link":"https:\/\/www.e-anjelik.sk\/index.php\/2010\/08\/27\/stretnutia-studentov-a-navstevnikov-v-bratislave\/","title":{"rendered":"Stretnutia \u0161tudentov a n\u00e1v\u0161tevn\u00edkov v Bratislave"},"content":{"rendered":"<p>Mil&iacute; bratia a mil&eacute; sestry! Rok \u010do rok prich&aacute;dzaj&uacute; do Bratislavy za &scaron;t&uacute;diom i pr&aacute;cou mlad&iacute; \u013eudia z cel&eacute;ho Slovenska. Bratislavsk&yacute; evanjelick&yacute; a. v. cirkevn&yacute; zbor im r&aacute;d poskytne dobr&eacute; duchovn&eacute; z&aacute;zemie.<\/p>\n<p><p>&nbsp;<\/p>\n<\/p>\n<div style=\"padding-right: 0px; padding-left: 0px; padding-bottom: 0px; margin: 0px; font: 12px\/170% Verdana, sans-serif; color: rgb(66,66,66); padding-top: 0px; background-color: rgb(240,239,241); -webkit-background-clip: initial; -webkit-background-origin: initial\">\n<p style=\"padding-right: 0px; padding-left: 0px; padding-bottom: 0px; margin: 0.6em 0px 1.2em; padding-top: 0px\">V <strong>Mlynskej doline<\/strong> &ndash; <strong>&Aacute;triov&eacute; domy<\/strong>, blok G &ndash; funguje Univerzitn&eacute; pastora\u010dn&eacute; centrum (<strong>UPC<\/strong>) <strong>Mosty<\/strong>, ktor&eacute; pon&uacute;ka mlad&yacute;m rozli\u010dn&eacute; aktivity a stretnutia.&nbsp;Viac info: <a href=\"http:\/\/www.klub31.sk\">www.klub31.sk<\/a><\/p>\n<p style=\"padding-right: 0px; padding-left: 0px; padding-bottom: 0px; margin: 0.6em 0px 1.2em; padding-top: 0px\">Na <strong>Legion&aacute;rskej <\/strong>ul. 6, sa v stredu o 18.30 hod. v zborovej sieni konaj&uacute; stretnutia ml&aacute;de\u017ee &ndash; po\u010das semestra i v obdob&iacute; pr&aacute;zdnin. Bli\u017eie info: <a href=\"http:\/\/www.legie.sk\">www.legie.sk<\/a><\/p>\n<p style=\"padding-right: 0px; padding-left: 0px; padding-bottom: 0px; margin: 0.6em 0px 1.2em; padding-top: 0px\">Skupinka mlad&yacute;ch \u013eud&iacute; sa cez semester sch&aacute;dza aj kaplnke ubytovne v <strong>Evanjelickom dome<\/strong> starostlivosti na <strong>Partiz&aacute;nskej<\/strong> ul. 2.<\/p>\n<p style=\"padding-right: 0px; padding-left: 0px; padding-bottom: 0px; margin: 0.6em 0px 1.2em; padding-top: 0px\">Bli\u017e&scaron;ie inform&aacute;cie o aktu&aacute;lnych podujatiach v bratislavskom ev. zbore, si je mo\u017en&eacute; vyh\u013eada\u0165 v t&yacute;\u017edenne aktualizovanom zborovom bulletine na str&aacute;nkach <a href=\"http:\/\/www.ecavba.sk\">www.ecavba.sk<\/a>.<\/p>\n<p style=\"padding-right: 0px; padding-left: 0px; padding-bottom: 0px; margin: 0.6em 0px 1.2em; padding-top: 0px\">Ml&aacute;de\u017en&iacute;cke spolo\u010denstv&aacute; v bratislavskom cirkevnom zbore pon&uacute;kaj&uacute; mo\u017enos\u0165 posiela\u0165 inform&aacute;cie z&aacute;ujemcom priamo na ich e-mailov&uacute; adresu. Te&scaron;&iacute;me sa na stretnutia a spolupr&aacute;cu s Vami, ktor&iacute; za\u010d&iacute;nate &scaron;tudova\u0165, u\u017e &scaron;tudujete \u010di pracujete v Bratislave.<\/p>\n<p style=\"padding-right: 0px; padding-left: 0px; padding-bottom: 0px; margin: 0.6em 0px 1.2em; padding-top: 0px\"><strong>Kontakt:&nbsp;<\/strong><\/p>\n<p style=\"padding-right: 0px; padding-left: 0px; padding-bottom: 0px; margin: 0.6em 0px 1.2em; padding-top: 0px\">Martin &Scaron;efranko, poveren&yacute; predsedaj&uacute;ci zborov&yacute; far&aacute;r, zborov&yacute; kapl&aacute;n, tel.: 0902 673515, mail:&nbsp;sefrankom zavinac gmail.com&nbsp;<\/p>\n<p style=\"padding-right: 0px; padding-left: 0px; padding-bottom: 0px; margin: 0.6em 0px 1.2em; padding-top: 0px\">Peter Mozola,&nbsp;ved&uacute;ci UPC Mosty,&nbsp;tel.: 0948 020026, mail:&nbsp;mozolap zavinac gmail.com<\/p>\n<\/div>\n","protected":false},"excerpt":{"rendered":"<p>Mil&iacute; bratia a mil&eacute; sestry! Rok \u010do rok prich&aacute;dzaj&uacute; do Bratislavy za &scaron;t&uacute;diom i pr&aacute;cou mlad&iacute; \u013eudia z cel&eacute;ho Slovenska. Bratislavsk&yacute; evanjelick&yacute; a. v. cirkevn&yacute; zbor im r&aacute;d poskytne dobr&eacute; duchovn&eacute; z&aacute;zemie. &nbsp; V Mlynskej doline &ndash; &Aacute;triov&eacute; domy, blok G &ndash; funguje Univerzitn&eacute; pastora\u010dn&eacute; centrum (UPC) Mosty, ktor&eacute; pon&uacute;ka mlad&yacute;m rozli\u010dn&eacute; aktivity a stretnutia.&nbsp;Viac &#8230; <a title=\"Stretnutia \u0161tudentov a n\u00e1v\u0161tevn\u00edkov v Bratislave\" class=\"read-more\" href=\"https:\/\/www.e-anjelik.sk\/index.php\/2010\/08\/27\/stretnutia-studentov-a-navstevnikov-v-bratislave\/\" aria-label=\"Pre\u010d\u00edtajte si viac o Stretnutia \u0161tudentov a n\u00e1v\u0161tevn\u00edkov v Bratislave\">\u010c\u00edta\u0165 viac<\/a><\/p>\n","protected":false},"author":1,"featured_media":0,"comment_status":"open","ping_status":"open","sticky":false,"template":"","format":"standard","meta":{"footnotes":""},"categories":[95],"tags":[],"class_list":["post-2985","post","type-post","status-publish","format-standard","hentry","category-sobotiste"],"_links":{"self":[{"href":"https:\/\/www.e-anjelik.sk\/index.php\/wp-json\/wp\/v2\/posts\/2985","targetHints":{"allow":["GET"]}}],"collection":[{"href":"https:\/\/www.e-anjelik.sk\/index.php\/wp-json\/wp\/v2\/posts"}],"about":[{"href":"https:\/\/www.e-anjelik.sk\/index.php\/wp-json\/wp\/v2\/types\/post"}],"author":[{"embeddable":true,"href":"https:\/\/www.e-anjelik.sk\/index.php\/wp-json\/wp\/v2\/users\/1"}],"replies":[{"embeddable":true,"href":"https:\/\/www.e-anjelik.sk\/index.php\/wp-json\/wp\/v2\/comments?post=2985"}],"version-history":[{"count":0,"href":"https:\/\/www.e-anjelik.sk\/index.php\/wp-json\/wp\/v2\/posts\/2985\/revisions"}],"wp:attachment":[{"href":"https:\/\/www.e-anjelik.sk\/index.php\/wp-json\/wp\/v2\/media?parent=2985"}],"wp:term":[{"taxonomy":"category","embeddable":true,"href":"https:\/\/www.e-anjelik.sk\/index.php\/wp-json\/wp\/v2\/categories?post=2985"},{"taxonomy":"post_tag","embeddable":true,"href":"https:\/\/www.e-anjelik.sk\/index.php\/wp-json\/wp\/v2\/tags?post=2985"}],"curies":[{"name":"wp","href":"https:\/\/api.w.org\/{rel}","templated":true}]}}