{"id":2986,"date":"2010-08-27T12:16:53","date_gmt":"2010-08-27T12:16:53","guid":{"rendered":"http:\/\/e-anjelik.sk\/?p=2986"},"modified":"2010-08-27T12:16:53","modified_gmt":"2010-08-27T12:16:53","slug":"vatikan-vita-znovu-otvorenie-pavlovho-kostola-v-tarze-turecko","status":"publish","type":"post","link":"https:\/\/www.e-anjelik.sk\/index.php\/2010\/08\/27\/vatikan-vita-znovu-otvorenie-pavlovho-kostola-v-tarze-turecko\/","title":{"rendered":"Vatik\u00e1n v\u00edta znovu otvorenie Pavlovho kostola v Tarze, Turecko"},"content":{"rendered":"<p>Vatik&aacute;n a predstavite\u013e CD&Uacute; v Nemecku v&iacute;taj&uacute; snahy tureck&yacute;ch &uacute;radov op&auml;\u0165 umo\u017eni\u0165 kres\u0165anom, aby pou\u017e&iacute;vali kostol v Tarze, kde sa narodil apo&scaron;tol Pavol. Turecko r. 1943 zhabalo kostol kres\u0165anom a obsadilo vojskom, nesk&ocirc;r ho premenili na m&uacute;zeum. V Turecku \u017eije iba mali\u010dk&aacute; kres\u0165ansk&aacute; men&scaron;ina, pod\u013ea ne&uacute;radn&yacute;ch odhadov je to: 60 tis&iacute;c arm&eacute;nskych kres\u0165anov, 15 tis&iacute;c s&yacute;rskych pravosl&aacute;vnych, 3500 a\u017e 4 tis&iacute;cky gr&eacute;ckych pravosl&aacute;vnych a okolo 2500 katol&iacute;kov a protestantov.<\/p>\n<p>(<a href=\"http:\/\/www.epd.de\">www.epd.de<\/a>)<\/p>\n","protected":false},"excerpt":{"rendered":"<p>Vatik&aacute;n a predstavite\u013e CD&Uacute; v Nemecku v&iacute;taj&uacute; snahy tureck&yacute;ch &uacute;radov op&auml;\u0165 umo\u017eni\u0165 kres\u0165anom, aby pou\u017e&iacute;vali kostol v Tarze, kde sa narodil apo&scaron;tol Pavol. Turecko r. 1943 zhabalo kostol kres\u0165anom a obsadilo vojskom, nesk&ocirc;r ho premenili na m&uacute;zeum. V Turecku \u017eije iba mali\u010dk&aacute; kres\u0165ansk&aacute; men&scaron;ina, pod\u013ea ne&uacute;radn&yacute;ch odhadov je to: 60 tis&iacute;c arm&eacute;nskych kres\u0165anov, 15 tis&iacute;c &#8230; <a title=\"Vatik\u00e1n v\u00edta znovu otvorenie Pavlovho kostola v Tarze, Turecko\" class=\"read-more\" href=\"https:\/\/www.e-anjelik.sk\/index.php\/2010\/08\/27\/vatikan-vita-znovu-otvorenie-pavlovho-kostola-v-tarze-turecko\/\" aria-label=\"Pre\u010d\u00edtajte si viac o Vatik\u00e1n v\u00edta znovu otvorenie Pavlovho kostola v Tarze, Turecko\">\u010c\u00edta\u0165 viac<\/a><\/p>\n","protected":false},"author":22,"featured_media":0,"comment_status":"open","ping_status":"open","sticky":false,"template":"","format":"standard","meta":{"footnotes":""},"categories":[16,10],"tags":[],"class_list":["post-2986","post","type-post","status-publish","format-standard","hentry","category-azia","category-zo-sveta"],"_links":{"self":[{"href":"https:\/\/www.e-anjelik.sk\/index.php\/wp-json\/wp\/v2\/posts\/2986","targetHints":{"allow":["GET"]}}],"collection":[{"href":"https:\/\/www.e-anjelik.sk\/index.php\/wp-json\/wp\/v2\/posts"}],"about":[{"href":"https:\/\/www.e-anjelik.sk\/index.php\/wp-json\/wp\/v2\/types\/post"}],"author":[{"embeddable":true,"href":"https:\/\/www.e-anjelik.sk\/index.php\/wp-json\/wp\/v2\/users\/22"}],"replies":[{"embeddable":true,"href":"https:\/\/www.e-anjelik.sk\/index.php\/wp-json\/wp\/v2\/comments?post=2986"}],"version-history":[{"count":0,"href":"https:\/\/www.e-anjelik.sk\/index.php\/wp-json\/wp\/v2\/posts\/2986\/revisions"}],"wp:attachment":[{"href":"https:\/\/www.e-anjelik.sk\/index.php\/wp-json\/wp\/v2\/media?parent=2986"}],"wp:term":[{"taxonomy":"category","embeddable":true,"href":"https:\/\/www.e-anjelik.sk\/index.php\/wp-json\/wp\/v2\/categories?post=2986"},{"taxonomy":"post_tag","embeddable":true,"href":"https:\/\/www.e-anjelik.sk\/index.php\/wp-json\/wp\/v2\/tags?post=2986"}],"curies":[{"name":"wp","href":"https:\/\/api.w.org\/{rel}","templated":true}]}}