{"id":29865,"date":"2016-01-23T14:36:18","date_gmt":"2016-01-23T12:36:18","guid":{"rendered":"http:\/\/www.evanjelik.sk\/?p=29865"},"modified":"2016-01-23T14:36:18","modified_gmt":"2016-01-23T12:36:18","slug":"na-okraj-situacie-v-ecav","status":"publish","type":"post","link":"https:\/\/www.e-anjelik.sk\/index.php\/2016\/01\/23\/na-okraj-situacie-v-ecav\/","title":{"rendered":"Na okraj situ\u00e1cie v ECAV"},"content":{"rendered":"<p>Kto si \u00a0pre\u010d\u00edtal rozhovor novin\u00e1rky s br. gen. dozorcom ECAV v 2. \u010d\u00edsle 2016 EPST, musel by\u0165 otrasen\u00fd. Samozrejme iba ten, kto m\u00e1 pocit zodpovednosti , vernosti a l\u00e1sky k cirkvi. U\u017e v minulom roku sme mali z tejto oblasti prv\u00fa lekciu. U\u017e vtedy som sa p\u00fdtal mojich bl\u00edzkych bratov z Bratislavy na ich n\u00e1zor. Dostalo sa mi odpovede asi v takom zmysle, \u017ee s\u00fa to intrigy, v\u00fdmysly, snahy vypudi\u0165 niektor\u00fdch z cirkevn\u00fdch gr\u00e9mi\u00ed. Sedliacky rozum mi hovoril, \u017ee to asi nebude pravda, lebo tam hovoria fakty. Som z celej tejto \u00a0situ\u00e1cie smutn\u00fd. Cirkev trp\u00ed . Sme v nej v\u0161elijak\u00ed, \u013eahostajn\u00ed i akt\u00edvni, rozdelen\u00ed do skupiniek, nieto medzi nami l\u00e1sky, d\u00f4very, jednoty, svornosti. Ak sa v nej dej\u00fa a\u017e krimin\u00e1lne \u010diny, je to odstra\u0161uj\u00face.<\/p>\n<p>V n\u00e1prave n\u00e1m m\u00f4\u017ee pom\u00f4c\u0165 iba pok\u00e1nie &#8211; \u00a0\u00faprimn\u00e9 \u00a0vyznanie hriechov, zmierenie, nast\u00fapenie na nov\u00fa spravodliv\u00fa cestu. V\u0161etk\u00fdm n\u00e1m treba sa za toto v\u0161etko modli\u0165 a prosi\u0165, aby sme boli cirkvou \u010distou, nepo\u0161kvrnenou, s \u010dlenmi \u017eij\u00facimi v posv\u00e4ten\u00ed a s duchovn\u00fdmi pastiermi a slu\u017eobn\u00edkmi , nielen hl\u00e1saj\u00facimi Bo\u017eie slovo, ale hlavne osobne \u00a0\u017eij\u00facimi pod\u013ea neho v pr\u00edkladnom \u017eivote. Nech n\u00e1m v tom Trojjedin\u00fd pom\u00e1ha!<\/p>\n<p><strong>&#8222;&#8230;a oble\u010dte nov\u00e9ho \u010dloveka , stvoren\u00e9ho pod\u013ea Boha v spravodlivosti a sv\u00e4tosti pravdy.&#8220; Ef 4, 24<\/strong><\/p>\n","protected":false},"excerpt":{"rendered":"<p>Kto si \u00a0pre\u010d\u00edtal rozhovor novin\u00e1rky s br. gen. dozorcom ECAV v 2. \u010d\u00edsle 2016 EPST, musel by\u0165 otrasen\u00fd. Samozrejme iba ten, kto m\u00e1 pocit zodpovednosti , vernosti a l\u00e1sky k cirkvi. U\u017e v minulom roku sme mali z tejto oblasti prv\u00fa lekciu. U\u017e vtedy som sa p\u00fdtal mojich bl\u00edzkych bratov z Bratislavy na ich n\u00e1zor. &#8230; <a title=\"Na okraj situ\u00e1cie v ECAV\" class=\"read-more\" href=\"https:\/\/www.e-anjelik.sk\/index.php\/2016\/01\/23\/na-okraj-situacie-v-ecav\/\" aria-label=\"Pre\u010d\u00edtajte si viac o Na okraj situ\u00e1cie v ECAV\">\u010c\u00edta\u0165 viac<\/a><\/p>\n","protected":false},"author":2,"featured_media":0,"comment_status":"open","ping_status":"closed","sticky":false,"template":"","format":"standard","meta":{"footnotes":""},"categories":[37],"tags":[],"class_list":["post-29865","post","type-post","status-publish","format-standard","hentry","category-zivot-v-cirkvi"],"_links":{"self":[{"href":"https:\/\/www.e-anjelik.sk\/index.php\/wp-json\/wp\/v2\/posts\/29865","targetHints":{"allow":["GET"]}}],"collection":[{"href":"https:\/\/www.e-anjelik.sk\/index.php\/wp-json\/wp\/v2\/posts"}],"about":[{"href":"https:\/\/www.e-anjelik.sk\/index.php\/wp-json\/wp\/v2\/types\/post"}],"author":[{"embeddable":true,"href":"https:\/\/www.e-anjelik.sk\/index.php\/wp-json\/wp\/v2\/users\/2"}],"replies":[{"embeddable":true,"href":"https:\/\/www.e-anjelik.sk\/index.php\/wp-json\/wp\/v2\/comments?post=29865"}],"version-history":[{"count":0,"href":"https:\/\/www.e-anjelik.sk\/index.php\/wp-json\/wp\/v2\/posts\/29865\/revisions"}],"wp:attachment":[{"href":"https:\/\/www.e-anjelik.sk\/index.php\/wp-json\/wp\/v2\/media?parent=29865"}],"wp:term":[{"taxonomy":"category","embeddable":true,"href":"https:\/\/www.e-anjelik.sk\/index.php\/wp-json\/wp\/v2\/categories?post=29865"},{"taxonomy":"post_tag","embeddable":true,"href":"https:\/\/www.e-anjelik.sk\/index.php\/wp-json\/wp\/v2\/tags?post=29865"}],"curies":[{"name":"wp","href":"https:\/\/api.w.org\/{rel}","templated":true}]}}