{"id":2987,"date":"2010-08-27T12:32:35","date_gmt":"2010-08-27T12:32:35","guid":{"rendered":"http:\/\/e-anjelik.sk\/?p=2987"},"modified":"2010-08-27T12:32:35","modified_gmt":"2010-08-27T12:32:35","slug":"zive-listy-navstivia-australiu","status":"publish","type":"post","link":"https:\/\/www.e-anjelik.sk\/index.php\/2010\/08\/27\/zive-listy-navstivia-australiu\/","title":{"rendered":"&#8222;\u017div\u00e9 listy&#8220; nav\u0161t\u00edvia Austr\u00e1liu"},"content":{"rendered":"<p>Deleg&aacute;cia Svetovej rady cirkv&iacute; zo \u017denevy vysiela do spolkov&eacute;ho &scaron;t&aacute;tu Austr&aacute;lie Severn&eacute; Terit&oacute;rium deleg&aacute;ciu tzv. &quot;\u017eiv&yacute;ch listov&quot;, aby tam v d\u0148och od 12. do 17. septembra 2010 nav&scaron;t&iacute;vili os&iacute;dlenia praobyvate\u013eov Austr&aacute;lie Aborigenov a presk&uacute;mali situ&aacute;ciu \u013eudsk&yacute;ch pr&aacute;v a vyvolali solidaritu s t&yacute;mito praobyvate\u013emi. N&aacute;v&scaron;teva sa kon&aacute; na pozvanie Austr&aacute;lskej n&aacute;rodnej rady cirkv&iacute;.<\/p>\n<p>(<a href=\"http:\/\/www.oikoumene.org\">www.oikoumene.org<\/a>)<\/p>\n","protected":false},"excerpt":{"rendered":"<p>Deleg&aacute;cia Svetovej rady cirkv&iacute; zo \u017denevy vysiela do spolkov&eacute;ho &scaron;t&aacute;tu Austr&aacute;lie Severn&eacute; Terit&oacute;rium deleg&aacute;ciu tzv. &quot;\u017eiv&yacute;ch listov&quot;, aby tam v d\u0148och od 12. do 17. septembra 2010 nav&scaron;t&iacute;vili os&iacute;dlenia praobyvate\u013eov Austr&aacute;lie Aborigenov a presk&uacute;mali situ&aacute;ciu \u013eudsk&yacute;ch pr&aacute;v a vyvolali solidaritu s t&yacute;mito praobyvate\u013emi. N&aacute;v&scaron;teva sa kon&aacute; na pozvanie Austr&aacute;lskej n&aacute;rodnej rady cirkv&iacute;. (www.oikoumene.org)<\/p>\n","protected":false},"author":22,"featured_media":0,"comment_status":"open","ping_status":"open","sticky":false,"template":"","format":"standard","meta":{"footnotes":""},"categories":[2,10],"tags":[],"class_list":["post-2987","post","type-post","status-publish","format-standard","hentry","category-ekumena","category-zo-sveta"],"_links":{"self":[{"href":"https:\/\/www.e-anjelik.sk\/index.php\/wp-json\/wp\/v2\/posts\/2987","targetHints":{"allow":["GET"]}}],"collection":[{"href":"https:\/\/www.e-anjelik.sk\/index.php\/wp-json\/wp\/v2\/posts"}],"about":[{"href":"https:\/\/www.e-anjelik.sk\/index.php\/wp-json\/wp\/v2\/types\/post"}],"author":[{"embeddable":true,"href":"https:\/\/www.e-anjelik.sk\/index.php\/wp-json\/wp\/v2\/users\/22"}],"replies":[{"embeddable":true,"href":"https:\/\/www.e-anjelik.sk\/index.php\/wp-json\/wp\/v2\/comments?post=2987"}],"version-history":[{"count":0,"href":"https:\/\/www.e-anjelik.sk\/index.php\/wp-json\/wp\/v2\/posts\/2987\/revisions"}],"wp:attachment":[{"href":"https:\/\/www.e-anjelik.sk\/index.php\/wp-json\/wp\/v2\/media?parent=2987"}],"wp:term":[{"taxonomy":"category","embeddable":true,"href":"https:\/\/www.e-anjelik.sk\/index.php\/wp-json\/wp\/v2\/categories?post=2987"},{"taxonomy":"post_tag","embeddable":true,"href":"https:\/\/www.e-anjelik.sk\/index.php\/wp-json\/wp\/v2\/tags?post=2987"}],"curies":[{"name":"wp","href":"https:\/\/api.w.org\/{rel}","templated":true}]}}