{"id":29885,"date":"2016-01-30T20:25:55","date_gmt":"2016-01-30T18:25:55","guid":{"rendered":"http:\/\/www.evanjelik.sk\/?p=29885"},"modified":"2025-09-12T20:00:33","modified_gmt":"2025-09-12T18:00:33","slug":"pravi-a-nepravi-reformatori-cirkvi","status":"publish","type":"post","link":"https:\/\/www.e-anjelik.sk\/index.php\/2016\/01\/30\/pravi-a-nepravi-reformatori-cirkvi\/","title":{"rendered":"Pravi a neprav\u00ed reform\u00e1tori cirkvi"},"content":{"rendered":"\n<p>Webov\u00fd port\u00e1l www.postoy.sk priniesol ve\u013emi kontroverzn\u00fd rozhovor pod titulom Mojou \u00falohou je korigova\u0165 dezinterpret\u00e1cie p\u00e1pe\u017ea Franti\u0161ka. Autorom rozhovoru s britsk\u00fdm spisovate\u013eom, novin\u00e1rom a publicistom Austenom Inereighom je Bohumil Petr\u00edk. T\u00e1 kontroverznos\u0165 je na za\u010diatku rozhovoru. Britsk\u00fd autor vydal biografiu p\u00e1pe\u017ea Franti\u0161ka pod n\u00e1zvom Ve\u013ek\u00fd reform\u00e1tor (The Great Reformer). Autor p\u00e1pe\u017ea zara\u010fuje medzi prav\u00fdch reform\u00e1torov cirkvi, k\u00fdm t\u00ed in\u00ed s\u00fa neprav\u00ed. Pre\u010do? Najlep\u0161ie bude si rovno pre\u010dita\u0165 aspo\u0148 \u00favodn\u00fa \u010das\u0165. Toto nie je pr\u00edspevok ku zmiereniu, k ekumenizmu, hlavne nie k spolo\u010dnej oslave 500. v\u00fdro\u010dia reform\u00e1cie.<\/p>\n\n\n\n<p>&nbsp;<\/p>\n\n\n\n<p>P<\/p>\n","protected":false},"excerpt":{"rendered":"<p>Webov\u00fd port\u00e1l www.postoy.sk priniesol ve\u013emi kontroverzn\u00fd rozhovor pod titulom Mojou \u00falohou je korigova\u0165 dezinterpret\u00e1cie p\u00e1pe\u017ea Franti\u0161ka. Autorom rozhovoru s britsk\u00fdm spisovate\u013eom, novin\u00e1rom a publicistom Austenom Inereighom je Bohumil Petr\u00edk. T\u00e1 kontroverznos\u0165 je na za\u010diatku rozhovoru. Britsk\u00fd autor vydal biografiu p\u00e1pe\u017ea Franti\u0161ka pod n\u00e1zvom Ve\u013ek\u00fd reform\u00e1tor (The Great Reformer). Autor p\u00e1pe\u017ea zara\u010fuje medzi prav\u00fdch reform\u00e1torov cirkvi, &#8230; <a title=\"Pravi a neprav\u00ed reform\u00e1tori cirkvi\" class=\"read-more\" href=\"https:\/\/www.e-anjelik.sk\/index.php\/2016\/01\/30\/pravi-a-nepravi-reformatori-cirkvi\/\" aria-label=\"Pre\u010d\u00edtajte si viac o Pravi a neprav\u00ed reform\u00e1tori cirkvi\">\u010c\u00edta\u0165 viac<\/a><\/p>\n","protected":false},"author":2,"featured_media":0,"comment_status":"open","ping_status":"closed","sticky":false,"template":"","format":"standard","meta":{"footnotes":""},"categories":[2,40,26,41,43],"tags":[],"class_list":["post-29885","post","type-post","status-publish","format-standard","hentry","category-ekumena","category-historia","category-pamiatka-reformacie","category-papez","category-rimsko-katolicka-cirkev"],"_links":{"self":[{"href":"https:\/\/www.e-anjelik.sk\/index.php\/wp-json\/wp\/v2\/posts\/29885","targetHints":{"allow":["GET"]}}],"collection":[{"href":"https:\/\/www.e-anjelik.sk\/index.php\/wp-json\/wp\/v2\/posts"}],"about":[{"href":"https:\/\/www.e-anjelik.sk\/index.php\/wp-json\/wp\/v2\/types\/post"}],"author":[{"embeddable":true,"href":"https:\/\/www.e-anjelik.sk\/index.php\/wp-json\/wp\/v2\/users\/2"}],"replies":[{"embeddable":true,"href":"https:\/\/www.e-anjelik.sk\/index.php\/wp-json\/wp\/v2\/comments?post=29885"}],"version-history":[{"count":1,"href":"https:\/\/www.e-anjelik.sk\/index.php\/wp-json\/wp\/v2\/posts\/29885\/revisions"}],"predecessor-version":[{"id":38476,"href":"https:\/\/www.e-anjelik.sk\/index.php\/wp-json\/wp\/v2\/posts\/29885\/revisions\/38476"}],"wp:attachment":[{"href":"https:\/\/www.e-anjelik.sk\/index.php\/wp-json\/wp\/v2\/media?parent=29885"}],"wp:term":[{"taxonomy":"category","embeddable":true,"href":"https:\/\/www.e-anjelik.sk\/index.php\/wp-json\/wp\/v2\/categories?post=29885"},{"taxonomy":"post_tag","embeddable":true,"href":"https:\/\/www.e-anjelik.sk\/index.php\/wp-json\/wp\/v2\/tags?post=29885"}],"curies":[{"name":"wp","href":"https:\/\/api.w.org\/{rel}","templated":true}]}}