{"id":2989,"date":"2010-08-30T09:36:55","date_gmt":"2010-08-30T09:36:55","guid":{"rendered":"http:\/\/e-anjelik.sk\/?p=2989"},"modified":"2010-08-30T09:36:55","modified_gmt":"2010-08-30T09:36:55","slug":"neviete-ze-ste-chram-bozi","status":"publish","type":"post","link":"https:\/\/www.e-anjelik.sk\/index.php\/2010\/08\/30\/neviete-ze-ste-chram-bozi\/","title":{"rendered":"Neviete, \u017ee ste chr\u00e1m Bo\u017e\u00ed?"},"content":{"rendered":"<p>&nbsp;<span class=\"Apple-style-span\" style=\"font-family: 'Times New Roman'; line-height: normal; \">&nbsp;&nbsp; &nbsp; &nbsp; &nbsp; &nbsp; &nbsp; &nbsp; &nbsp; &nbsp; &nbsp; &nbsp; &nbsp; &nbsp; &nbsp; &nbsp; &nbsp; &nbsp; &nbsp; &nbsp; &nbsp; &nbsp; &nbsp; &nbsp; &nbsp; &nbsp; &nbsp; &nbsp; &nbsp; Neviete, \u017ee ste chr&aacute;m Bo\u017e&iacute; ?<\/span><\/p>\n<p style=\"margin: 0.0px 0.0px 0.0px 0.0px; font: 16.0px Times New Roman\"><b>1 K 3, 16 &ndash; 2O:<\/b> &ldquo;<i>\u010ci neviete, \u017ee ste chr&aacute;m Bo\u017e&iacute; a Duch Bo\u017e&iacute; preb&yacute;va vo v&aacute;s? Kto kaz&iacute; chr&aacute;m Bo\u017e&iacute;, toho skaz&iacute; Boh, lebo chr&aacute;m Bo\u017e&iacute; je sv&auml;t&yacute;, a t&yacute;m ste vy! Nech sa nikto neklame! Ak si niekto z v&aacute;s nam&yacute;&scaron;\u013ea, \u017ee je m&uacute;dry v tomto svete, nech bude bl&aacute;znom, aby bol m&uacute;dry. Lebo m&uacute;dros\u0165 tohto sveta je bl&aacute;znovstvom pred&nbsp; Bohom. Ve\u010f je nap&iacute;san&eacute;: On chyt&aacute; m&uacute;drych v ich&nbsp; chytr&aacute;ctve. A zase: P&aacute;n zn&aacute; my&scaron;lienky m&uacute;drych, \u017ee s&uacute; m&aacute;rne&ldquo;. Amen<\/i><\/p>\n<p style=\"margin: 0.0px 0.0px 0.0px 0.0px; font: 16.0px Times New Roman; min-height: 18.0px\">&nbsp;&nbsp; &nbsp; &nbsp; &nbsp; &nbsp; &nbsp; &nbsp; &nbsp; &nbsp;<\/p>\n<p style=\"margin: 0.0px 0.0px 0.0px 0.0px; font: 12.0px Times New Roman\">&nbsp; &nbsp; &nbsp; &nbsp; &nbsp; &nbsp; &nbsp; &nbsp; &nbsp; Bohumil&iacute; kres\u0165ania, bratia&nbsp; a sestry v PJK!<\/p>\n<p style=\"margin: 0.0px 0.0px 0.0px 0.0px; font: 16.0px Times New Roman; min-height: 18.0px\">&nbsp;<\/p>\n<p style=\"margin: 0.0px 0.0px 0.0px 0.0px; font: 16.0px Times New Roman\"><span style=\"font: 12.0px Times New Roman\">&nbsp;&nbsp; &nbsp; &nbsp; Dne&scaron;n&aacute; nede\u013ea zasv&auml;ten&aacute; <\/span><b>Pamiatke posv&auml;tenia<\/b> cirkevn&yacute;ch budov v na&scaron;ej dc&eacute;rocirkvi Podbran\u010d je pr&iacute;le\u017eitos\u0165ou k v\u010fa\u010dn&yacute;m spomienkam, ale aj k prijatiu nov&yacute;ch duchovn&yacute;ch darov. Predov&scaron;etk&yacute;m s&uacute; to spomienky na to, ako bola Bo\u017eia milos\u0165 a l&aacute;ska pon&uacute;knut&aacute; predch&aacute;dzaj&uacute;cim gener&aacute;ciam a na to, ako ju oni videli a&nbsp; prij&iacute;mali. Ako sa prejavilo p&ocirc;sobenie Ducha Bo\u017eieho v \u017eivote \u013eud&iacute;, \u017eij&uacute;cich tu pred nami. Ako poznali &bdquo;\u010das svojho nav&scaron;t&iacute;venia&ldquo;&nbsp; a ako &bdquo;vykupovali \u010das&ldquo;. Teda ako vyu\u017eili \u010das, mo\u017enosti&nbsp; a slu\u017ebu Slova, ktor&eacute; im bolo zvestovan&eacute;.&nbsp;<\/p>\n<p style=\"margin: 0.0px 0.0px 0.0px 0.0px; font: 12.0px Times New Roman\">&nbsp;&nbsp; &nbsp; Z&nbsp; toho, \u010do sk&uacute;sili predch&aacute;dzaj&uacute;ce gener&aacute;cie&nbsp; sa m&ocirc;\u017eeme&nbsp; aj my pou\u010di\u0165, povzbudi\u0165 a duchovne posilni\u0165. Bo\u017eia l&aacute;ska a pravda je st&aacute;le rovnako mocn&aacute; a p&ocirc;sobiaca. P&ocirc;da \u013eudsk&yacute;ch s\u0155dc je tie\u017e rovnak&aacute; v zmysle podobenstva o &scaron;tvorakej p&ocirc;de, i ke\u010f nie je v\u017edy rovnak&aacute; &bdquo;v&yacute;mera&ldquo; takej p&ocirc;dy.<\/p>\n<p style=\"margin: 0.0px 0.0px 0.0px 0.0px; font: 16.0px Times New Roman\">Ako u\u017e z predch&aacute;dzaj&uacute;cich rokov viete, bezprostredn&yacute;m podnetom k tomu, aby sme&nbsp; tu v Podbran\u010di mali &bdquo;hodov&uacute;&ldquo; nede\u013eu <b>je sl&aacute;vnos\u0165 poviacky 2&nbsp; nov&yacute;ch zvonov<\/b>, ktor&eacute; si tu ev.cirkev zadov&aacute;\u017eila v r. 1928, ke\u010f prv&eacute; zvony z r.1898 padli za obe\u0165 prvej svetovej vojne. V r.1905 tu bola postaven&aacute; nov&aacute; &#8211; teraj&scaron;ia zvonica. Najnov&scaron;&iacute; zvon na Podz&aacute;mku bol zhotoven&yacute; a zak&uacute;pen&yacute; pred 2 rokmi, preliatim a zv&auml;\u010d&scaron;en&iacute;m p&ocirc;vodn&eacute;ho zvona, zadov&aacute;\u017een&eacute;ho z darov&nbsp; z Ameriky.<\/p>\n<p style=\"margin: 0.0px 0.0px 0.0px 0.0px; font: 16.0px Times New Roman\"><span style=\"font: 12.0px Times New Roman\">&nbsp; &nbsp; &nbsp; In&yacute; d&ocirc;vod Pamiatky posv&auml;tenia je&nbsp; <\/span><b>posviacka b&yacute;valej cirkevnej &scaron;koly<\/b> z r.1882 , posv&auml;tenej 4.nov.1883 seniorom J&aacute;nom Le&scaron;kom. Vznikla z t&uacute;\u017eby viacer&yacute;ch tunaj&scaron;&iacute;ch cirkevn&iacute;kov, ktor&iacute; na&scaron;li pochopenie u nov&eacute;ho mlad&eacute;ho k\u0148aza <b>Pavla Beblav&eacute;ho<\/b>, ktor&eacute;ho slu\u017ebu v CZ sme si pri <b>1OO. ro\u010dnici<\/b> jeho&nbsp; smrti&nbsp; v m&aacute;ji&nbsp; t.r. pripomenuli. K tejto budove, ktor&aacute; sa stala &scaron;tepnicou mlad&yacute;ch kres\u0165anov na Podbran\u010di, pribudla v r. 1944 aj t&aacute;to nov&aacute; budova &scaron;koly, ktor&aacute; dnes sl&uacute;\u017ei ako Zborov&aacute; miestnos\u0165.<\/p>\n<p style=\"margin: 0.0px 0.0px 0.0px 0.0px; font: 16.0px Times New Roman; min-height: 18.0px\">&nbsp;<\/p>\n<p style=\"margin: 0.0px 0.0px 0.0px 0.0px; font: 16.0px Times New Roman\"><span style=\"font: 12.0px Times New Roman\">&nbsp; &nbsp; &nbsp; Spom&iacute;nal som u\u017e viackr&aacute;t v minulosti, \u017ee pokia\u013e ide o samotn&yacute; chr&aacute;m Bo\u017e&iacute; (kaplnku) tu na Podbran\u010di, bola tu ako prv&aacute;&nbsp; hradn&aacute; kaplnka, ktor&aacute; sl&uacute;\u017eila&nbsp; najm&auml; panuj&uacute;cim gr&oacute;fskym rodin&aacute;m, a iba \u010diasto\u010dne aj poddan&yacute;m. I ke\u010f hrad<\/span><b> Bran\u010d <\/b>(1251-1261) bol v\u017edy &uacute;to\u010di&scaron;tn&yacute;m hradom aj pre \u013eud&iacute; z okolia&nbsp; a zd&aacute; sa dokonca, \u017ee kaplnky na hrade boli vlastne&nbsp; dve, nevieme v&scaron;ak temer ni\u010d o ich vzniku a pou\u017e&iacute;van&iacute;. Z tzv.dvorn&yacute;ch kazate\u013eov a far&aacute;rov je zachovan&eacute; iba meno <b>J&aacute;na Majthinyho&nbsp;<\/b> (1650) a Mikul&aacute;&scaron;a Johanidesa Ko\u010dkovsk&eacute;ho, ktor&yacute; tu p&ocirc;sobil&nbsp; okolo r.1654 a bol mil&aacute;\u010dikom gr&oacute;fa \u013dudov&iacute;ta Ny&aacute;riho.&nbsp;<\/p>\n<p style=\"margin: 0.0px 0.0px 0.0px 0.0px; font: 16.0px Times New Roman\"><span style=\"font: 12.0px Times New Roman\">&nbsp; &nbsp; Br. gen biskup M.Kl&aacute;tik v pr&iacute;hovore na Bran\u010di&nbsp; 5.j&uacute;la spomenul st&aacute;los\u0165 a vernos\u0165 v evanjelickej viere rodiny <\/span><b>Ny&aacute;riovej. <\/b>Pravda, vieme, \u017ee to platilo napr. o gr&oacute;fovi Franti&scaron;kovi Ny&aacute;rim a jeho man\u017eelke Al\u017ebete Korl&aacute;tskej (1547). Podobne o Pavlovi Ny&aacute;rim, (kapit&aacute;novi na hrade Bran\u010d), ktor&yacute; daroval&nbsp; v r. 1599 soboti&scaron;tsk&eacute;mu evanj.kostolu zvon s n&aacute;pisom, ktor&yacute; v&scaron;ak bol v prvej svetovej vojne (tie\u017e) zrekvirovan&yacute;. Horliv&yacute;m evanjelikom a mec&eacute;nom aj okolit&yacute;ch evanj.zborov bol najm&auml; gr&oacute;f <b>\u013dudov&iacute;t Ny&aacute;ri,<\/b> ktor&yacute; povol&aacute;val do Soboti&scaron;\u0165a t&yacute;ch najlep&scaron;&iacute;ch k\u0148azov. Poslednou evanjeli\u010dkou bola gr&oacute;fka \u017dofia Ny&aacute;ri (rod.Tokoly), ktor&aacute; v&scaron;ak po s&uacute;de, v&auml;znen&iacute; a hrozbe straty majetku&nbsp; podp&iacute;sala prestup do r. k .cirkvi (1697). Franti&scaron;ek&nbsp; Ny&aacute;ri II. a cel&aacute; druh&aacute; polovica&nbsp; panstva, ktor&eacute; vlastnilo hrad, boli ve\u013emi nepriate\u013esky naladen&iacute; vo\u010di evanjelikom a to bol&nbsp; d&ocirc;vod, \u017ee evanjelick&yacute; \u013eud stratil o kaplnku a om&scaron;e v nej konan&eacute;&nbsp; z&aacute;ujem a nepova\u017eoval ju za svoje bohoslu\u017eobn&eacute; miesto. Pre n&aacute;s sa stalo miesto hradu pam&auml;tn&yacute;m a posv&auml;tn&yacute;m pre stato\u010dnos\u0165, vernos\u0165 Cirkvi&nbsp; a svedectvo viery, ktor&eacute; tu vydali evanjelick&iacute; far&aacute;ri &#8211; mart&yacute;ri a neskor&scaron;&iacute; <b>galejn&iacute; otroci.&nbsp;<\/b><\/p>\n<p style=\"margin: 0.0px 0.0px 0.0px 0.0px; font: 16.0px Times New Roman\">Preto si tunaj&scaron;&iacute; evanjelici v nasleduj&uacute;cej \u0165a\u017ekej dobe, vy&scaron;liapali svoju cesti\u010dku do artikul&aacute;rneho kostol&iacute;ka v Prietr\u017ei a po vydan&iacute; Toleran\u010dn&eacute;ho patentu podie\u013eali sa na stavbe nov&eacute;ho kostola v Soboti&scaron;ti. T&uacute;to stato\u010dnos\u0165&nbsp; a odolnos\u0165 vo viere&nbsp; dal im ten ist&yacute; Boh, ktor&yacute; aj n&aacute;m chce&nbsp; da\u0165 svojho Ducha Sv&auml;t&eacute;ho a chce posv&auml;ti\u0165 na&scaron;e srdcia za svoj chr&aacute;m!<\/p>\n<p style=\"margin: 0.0px 0.0px 0.0px 0.0px; font: 12.0px Times New Roman\">&nbsp;&nbsp; &nbsp; &nbsp; Tak Pamiatka posv&auml;tenia nie je iba re\u010dou a svedectom o stavbe&nbsp; a posviaca\u010dn&yacute;ch sl&aacute;vnostiach, ale&nbsp; najm&auml; o duchovnej stavbe n&aacute;&scaron;ho \u017eivota, ktor&uacute; chce PB kona\u0165 dnes&nbsp; a ktor&uacute; n&aacute;m pon&uacute;ka cez svoje Slovo a Sviatosti.<\/p>\n<p style=\"margin: 0.0px 0.0px 0.0px 0.0px; font: 16.0px Times New Roman; min-height: 18.0px\">&nbsp;<\/p>\n<p style=\"margin: 0.0px 0.0px 0.0px 0.0px; font: 16.0px Times New Roman\"><span style=\"font: 12.0px Times New Roman\">&nbsp; &nbsp; &nbsp; &nbsp; &nbsp; &nbsp; &nbsp; <\/span><b>\u010comu maj&uacute; teda sl&uacute;\u017ei\u0165 v&scaron;etky kres\u0165ansk&eacute; chr&aacute;my a bohoslu\u017eby v nich konan&eacute;?<\/b><\/p>\n<ol style=\"list-style-type: decimal\">\n<li style=\"margin: 0.0px 0.0px 0.0px 0.0px; font: 16.0px Times New Roman\"><b>1.<span class=\"Apple-tab-span\" style=\"white-space:pre\">\t<\/span>aby n&aacute;&scaron;ho ducha&nbsp; Duchom Sv&auml;t&yacute;m posv&auml;tili<\/b><\/li>\n<li style=\"margin: 0.0px 0.0px 0.0px 0.0px; font: 16.0px Times New Roman\"><b>2.<span class=\"Apple-tab-span\" style=\"white-space:pre\">\t<\/span>aby n&aacute;s m&uacute;dros\u0165ou obdarili &nbsp; &nbsp; &nbsp; &nbsp; &nbsp; &nbsp; &nbsp; &nbsp; &nbsp; &nbsp; &nbsp; &nbsp; &nbsp; &nbsp; &nbsp; &nbsp; &nbsp; &nbsp; &nbsp; &nbsp; &nbsp; &nbsp; &nbsp; &nbsp; &nbsp; &nbsp; &nbsp; &nbsp; &nbsp; &nbsp; &nbsp; &nbsp; &nbsp; &nbsp; &nbsp; &nbsp; &nbsp; &nbsp; &nbsp; &nbsp; &nbsp; &nbsp; &nbsp; &nbsp;<\/b><\/li>\n<li style=\"margin: 0.0px 0.0px 0.0px 0.0px; font: 16.0px Times New Roman\"><b>3.<span class=\"Apple-tab-span\" style=\"white-space:pre\">\t<\/span>aby&nbsp; n&aacute;s pred duchovnou smr\u0165ou zachr&aacute;nili<\/b><\/li>\n<\/ol>\n<p style=\"margin: 0.0px 0.0px 0.0px 0.0px; font: 16.0px Times New Roman; min-height: 18.0px\">&nbsp;<\/p>\n<p style=\"margin: 0.0px 0.0px 0.0px 0.0px; font: 12.0px Times New Roman\">&nbsp; &nbsp; &nbsp; &nbsp; Mil&iacute; bratia a sestry,&nbsp;<\/p>\n<p style=\"margin: 0.0px 0.0px 0.0px 0.0px; font: 16.0px Times New Roman\"><span style=\"font: 12.0px Times New Roman\">&nbsp; &nbsp; &nbsp; slovo ap.Pavla korinstk&yacute;m kres\u0165anom je d&ocirc;le\u017eit&eacute; pripom&iacute;na\u0165 si v ka\u017edom \u010dase: <\/span><i>&ldquo;\u010ci neviete, \u017ee ste chr&aacute;m Bo\u017e&iacute; a Duch Bo\u017e&iacute; preb&yacute;va vo v&aacute;s&ldquo;?<\/i> Je to jedno z najv&yacute;zna\u010dnej&scaron;&iacute;ch ozna\u010den&iacute; kres\u0165ana.<b> Sme Bo\u017e&iacute;m chr&aacute;mom a duch Bo\u017e&iacute;&nbsp; preb&yacute;va v n&aacute;s!<\/b> To n&aacute;s nem&ocirc;\u017ee necha\u0165 \u013eahostajn&yacute;ch, ale vyvol&aacute;va&nbsp; to pr&iacute;jemn&eacute; chvenie v du&scaron;i: Naozaj som aj ja i ty takou stavbou? Som Bo\u017e&iacute;m chr&aacute;mom, domom, kostolom, sv&auml;ty\u0148ou, \u010di aspo\u0148 kaplnkou?<\/p>\n<p style=\"margin: 0.0px 0.0px 0.0px 0.0px; font: 12.0px Times New Roman\">&nbsp;&nbsp; &nbsp; To je vpravde vysok&eacute; ozna\u010denie,ktor&eacute; apo&scaron;tol Pavol mysl&iacute; &uacute;plne v&aacute;\u017ene. Potom je tu ot&aacute;zka: Ako som sa stal Bo\u017e&iacute;m chr&aacute;mom a domom? Kedy sa to stalo a kedy mi bol dan&yacute; do du&scaron;e dar DSV, ktor&yacute; ma posv&auml;til? Odpoviem celkom kr&aacute;tko a jasne: t&aacute;to &bdquo;posviacka, \u010di vysviacka &bdquo; n&aacute;&scaron;ho ducha a du&scaron;e sa udiala v dare Krstu sv&auml;t&eacute;ho. Stavba n&aacute;&scaron;ho \u017eivota, ktor&aacute; tu dovtedy bola a existovala ako stavba prof&aacute;nna (svetsk&aacute;), telesn&aacute;, stala sa posv&auml;tenou a oddelenou pre Boha tak, ako&nbsp; sa ka\u017ed&yacute; kostol, alebo in&aacute; cirkevn&aacute; stavba postaven&aacute; z kame\u0148a, \u010di in&eacute;ho materi&aacute;lu, stane&nbsp; chr&aacute;mom Bo\u017e&iacute;m: <span style=\"font: 16.0px Times New Roman\"><b>posviackou Slovom Bo\u017e&iacute;m a modlitbou<\/b>. V nej pros&iacute;me o tak&eacute;to po\u017eehnanie&nbsp; a ver&iacute;me, \u017ee PB kon&aacute; verne, tak ako zas\u013e&uacute;bil a hovor&iacute; vo svojom slove Kristus P&aacute;n: &#8230;<i>aby v&aacute;m Otec dal, \u010doko\u013evek by ste v mojom mene prosili od Neho&ldquo; (J 15, 16<\/i>) . Preto sa pokrsten&iacute; od po\u010diaku naz&yacute;vali&nbsp; a menovali <b>sv&auml;t&yacute;mi<\/b> a a\u017e nesk&ocirc;r za\u010dali pou\u017e&iacute;va\u0165 ozna\u010denie kres\u0165an. V neskor&scaron;om obdob&iacute; Cirkvi, ke\u010f&nbsp; boli pokrsten&eacute; u\u017e mnoh&eacute; n&aacute;rody sveta a kres\u0165anstvo&nbsp; sa roz&scaron;&iacute;rilo, vznikol v Cirkvi zvyk ozna\u010dova\u0165 <b><i>za sv&auml;t&yacute;ch iba niektor&yacute;ch<\/i><\/b><i>,<\/i> zvl&aacute;&scaron;\u0165 v&yacute;nimo\u010dn&yacute;ch&nbsp; a&nbsp; v&yacute;znamn&yacute;ch mu\u017eov a \u017eeny. Nie je&nbsp; to spr&aacute;vne a biblick&eacute;.&nbsp; Podobne by bolo chybou, keby sme za chr&aacute;my pova\u017eovali iba niektor&eacute; vysv&auml;ten&eacute;&nbsp; katedr&aacute;ly a baziliky, ale&nbsp; nie&nbsp; aj ostatn&eacute;, mo\u017eno menej zn&aacute;me, menej honosn&eacute;, menej vyzdoben&eacute; a v&ocirc;bec &nbsp; jednoduch&eacute; kostoly a&nbsp; kostol&iacute;ky, ak&yacute;ch je&nbsp; mnoho&#8230;<\/span><\/p>\n<p style=\"margin: 0.0px 0.0px 0.0px 0.0px; font: 16.0px Times New Roman; min-height: 18.0px\">&nbsp;<\/p>\n<p style=\"margin: 0.0px 0.0px 0.0px 0.0px; font: 12.0px Times New Roman\">&nbsp; &nbsp; &nbsp; Posv&auml;tenie&nbsp; a pomazanie Duchom Sv&auml;t&yacute;m n&aacute;s&nbsp; \u013eud&iacute; neznamen&aacute;, \u017ee by samotn&yacute;&nbsp; Duch Sv&auml;t&yacute; prestal by\u0165 slobodn&yacute;&nbsp; a bol viazan&yacute; na n&aacute;s, na&nbsp; \u013eudsk&eacute;&nbsp; srdcia a&nbsp; du&scaron;e, ako si to niektor&iacute;&nbsp; predstavuj&uacute;.&nbsp;<\/p>\n<p style=\"margin: 0.0px 0.0px 0.0px 0.0px; font: 16.0px Times New Roman\">Na druhej strane Jeho slu\u017eba a dielo pre n&aacute;s, cez Slovo a sviatosti&nbsp; je re&aacute;lne, skuto\u010dn&eacute; a po\u017eehnan&eacute;. Tak, ako ka\u017ed&aacute; cirkevn&aacute;, posv&auml;ten&aacute; budova potrebuje neust&aacute;lu opravu, &uacute;dr\u017ebu a ochranu, tak je to aj&nbsp; so v&scaron;etk&yacute;mi nami&nbsp; pokrsten&yacute;mi. Apo&scaron;tolsk&eacute; slovo&nbsp; n&aacute;s preto upozor\u0148uje , aby sme&nbsp; nedovolili pokazi\u0165, alebo sami nezni\u010dili to, \u010do&nbsp; Boh za\u010dal kona\u0165 v n&aacute;s.&nbsp;<\/p>\n<p style=\"margin: 0.0px 0.0px 0.0px 0.0px; font: 12.0px Times New Roman\">&nbsp;&nbsp; &nbsp; Pamiatka posv&auml;tenia cirkevn&yacute;ch budov vyvol&aacute;va hrdos\u0165 na dielo otcov vo viere, ale aj kladie ot&aacute;zku, \u010do a ako my s n&iacute;m naklad&aacute;me.&nbsp;<\/p>\n<p style=\"margin: 0.0px 0.0px 0.0px 0.0px; font: 16.0px Times New Roman\">T&yacute;m viac je dnes naliehav&aacute; ot&aacute;zka, ako sme nalo\u017eili a ako naklad&aacute;me s darom milosti a viery! Ako naklad&aacute;me&nbsp; s chr&aacute;mom, ktor&yacute; sa stal sv&auml;t&yacute;&nbsp; z Bo\u017eej milosti, skrze dielo PJK. Bohoslu\u017eba je Bo\u017eou slu\u017ebou pre n&aacute;s, aby sme nezostali hrie&scaron;nikmi, straten&yacute;mi pre Boha. Je trvalou ponukou&nbsp; meni\u0165 na&scaron;e du&scaron;e t&yacute;m, \u017ee n&aacute;s&nbsp; DSV osvecuje a posv&auml;cuje a v pravej viere zachov&aacute;va.<\/p>\n<p style=\"margin: 0.0px 0.0px 0.0px 0.0px; font: 16.0px Times New Roman; min-height: 18.0px\">&nbsp;<\/p>\n<ol style=\"list-style-type: decimal\">\n<li style=\"margin: 0.0px 0.0px 0.0px 0.0px; font: 16.0px Times New Roman\">2.<span class=\"Apple-tab-span\" style=\"white-space:pre\">\t<\/span>Slu\u017eba kres\u0165ansk&yacute;ch budov je <b>pomocnou<\/b>&nbsp; slu\u017ebou, aby sa mohla dia\u0165 t&aacute; slu\u017eba, ktor&aacute; je hlavn&aacute;. <b>Zvony<\/b> n&aacute;s volaj&uacute; k spolo\u010dn&yacute;m &nbsp; bohoslu\u017eobn&yacute;m stretnutiam,&nbsp; budovy&nbsp; r&ocirc;zneho typu a&nbsp; zamerania, raz vzne&scaron;en&eacute; a inokedy celkom jednoduch&eacute; s&uacute; tu preto, aby v ich znelo Bo\u017eie slovo, ktor&eacute; n&aacute;s vyu\u010duje, duchovne vzdel&aacute;va a vedie vo svetle pravdy.<\/li>\n<\/ol>\n<p style=\"margin: 0.0px 0.0px 0.0px 36.0px; font: 16.0px Times New Roman\">Gener&aacute;cie&nbsp; dne&scaron;n&yacute;ch \u013eud&iacute;, ale aj t&yacute;ch, ktor&iacute; tu \u017eili e&scaron;te v dobe apo&scaron;tolskej,&nbsp; \u010dasto \u017eij&uacute; vo ve\u013emi optimistickom poh\u013eade na seba a na svet. V n&aacute;zore, \u017ee ich rozum a poznanie je to najvy&scaron;&scaron;ie&nbsp; poznanie. Najdokonalej&scaron;ie svetlo a&nbsp; krit&eacute;rium v&scaron;etk&eacute;ho \u010dinenia a konania.<\/p>\n<p style=\"margin: 0.0px 0.0px 0.0px 0.0px; font: 16.0px Times New Roman\">To \u013eudsk&eacute;&nbsp; \u010dasto prer&aacute;\u017ea&nbsp; na povrch aj u t&yacute;ch, ktor&iacute; s&iacute;ce&nbsp; boli pokrsten&iacute; a vyu\u010dovan&iacute; aj in&yacute;m Slovom a pravdou, ale&nbsp; po \u010dase&nbsp; ochabli, duchovne ustrnuli&nbsp; a odvr&aacute;tili sa od pravdy.&nbsp; Vieru kres\u0165anov, ktor&iacute; sa d&aacute;vaj&uacute; vies\u0165 DSV a \u017eij&uacute; nie pod\u013ea tela a telesn&yacute;ch \u017eiadost&iacute;, ale pod\u013ea Ducha, pova\u017euj&uacute; aj dnes mnoh&iacute; za stre&scaron;tenos\u0165, \u010di dokonca bl&aacute;znovstvo.&nbsp; &nbsp;<\/p>\n<p style=\"margin: 0.0px 0.0px 0.0px 0.0px; font: 16.0px Times New Roman\">Krstn&yacute; s\u013eub, ktor&yacute; obsahuje aj po\u017eiadvku odrieka\u0165 sa diabla, nevery&nbsp;<\/p>\n<p style=\"margin: 0.0px 0.0px 0.0px 0.0px; font: 16.0px Times New Roman\">hrie&scaron;nych \u017eiadost&iacute;, mnoh&iacute;&nbsp; pokrsten&iacute; prijali form&aacute;lne, bez&nbsp; v&aacute;\u017eneho zamyslenia a v presved\u010den&iacute;, \u017ee je to nie\u010do , \u010do netreba bra\u0165&nbsp; v&aacute;\u017ene.&nbsp;<\/p>\n<p style=\"margin: 0.0px 0.0px 0.0px 36.0px; font: 16.0px Times New Roman; min-height: 18.0px\">&nbsp;<\/p>\n<p style=\"margin: 0.0px 0.0px 0.0px 36.0px; font: 16.0px Times New Roman\"><span style=\"font: 12.0px Times New Roman\">&nbsp; &nbsp; Apo&scaron;tolsk&eacute; napomenutie je st&aacute;le namieste :<\/span><i>&ldquo;Nech sa nikto neklame. Ak si niekto nam&yacute;&scaron;\u013ea, \u017ee je m&uacute;dry v tomto svete, nech bude bl&aacute;znom&#8230;&ldquo;<\/i>. By\u0165 &bdquo;bl&aacute;znom pre Krista&ldquo; nie je a nebolo nikdy \u013eahk&eacute; a jednoduch&eacute; . Ale aby bol \u010dlovek naozaj m&uacute;dry, apo&scaron;tol nevid&iacute; in&uacute; cestu, ako cestu nasledovania JK, cestu viery, slu\u017eby a l&aacute;sky. Tu samozrejme ide o m&uacute;dros\u0165, ktor&aacute; je &bdquo;zhora&ldquo;. Nie z n&aacute;s a n&aacute;&scaron;ho rozumu, nie z \u013eudsk&yacute;ch \u017eiadost&iacute;, v&aacute;&scaron;n&iacute; a z&aacute;merov, z tej obrovskej&nbsp; sebeckosti, p&yacute;chy a&nbsp; bezoh\u013eadnosti, ktor&aacute; n&aacute;s&nbsp; ka\u017edodenne obklopuje&#8230;<\/p>\n<p style=\"margin: 0.0px 0.0px 0.0px 0.0px; font: 16.0px Times New Roman\">Ke\u010f sa t&aacute;to svetsk&aacute; m&uacute;dros\u0165 dotkne n&aacute;s v podobe bezcitnosti, nev&scaron;&iacute;mavosti, \u013eahostajnosti a pod. ,sme rozhor\u010den&iacute;, zhrozen&iacute;, dotknut&iacute; .Ale ak sa m&aacute;me sami riadi\u0165 inou m&uacute;dros\u0165ou, ktor&aacute; je od Boha, neraz sa zh&aacute;\u010dime, hanb&iacute;me, ok&uacute;\u0148ame.<\/p>\n<p style=\"margin: 0.0px 0.0px 0.0px 0.0px; font: 16.0px Times New Roman\"><span style=\"font: 12.0px Times New Roman\">&nbsp;Pravdou v&scaron;ak zost&aacute;va:<\/span><i>&ldquo;Lebo m&uacute;dros\u0165 tohto sveta&nbsp; je bl&aacute;znovstvom pred Bohom&ldquo;.(1 K 3,1O)<\/i><\/p>\n<p style=\"margin: 0.0px 0.0px 0.0px 36.0px; font: 16.0px Times New Roman\">Tej Bo\u017eej m&uacute;drosti, ako ju vid&iacute;me v podan&iacute; a konan&iacute; PJK sa v&scaron;ak mus&iacute;me v\u017edy nanovo u\u010di\u0165, v nej r&aacute;s\u0165 a overova\u0165 si jej pravdivos\u0165 a hodnotu v ka\u017edodennom \u017eivote. A to i pri poh\u013eade do minulosti, pri poh\u013eade na t&yacute;ch, \u010do sk&ocirc;r ako my poznali, \u017ee \u017ei\u0165 v l&aacute;ske Bo\u017eej sa oplat&iacute;! -\u010c vyznali,&nbsp; \u017ee &bdquo;by\u0165&ldquo; je viac, ako &bdquo;ma\u0165&ldquo;, \u017ee Kristus bol a &bdquo;je rie&scaron;en&iacute;m v&scaron;etk&yacute;ch na&scaron;ich probl&eacute;mov a \u0165a\u017ekost&iacute;&ldquo;.<\/p>\n<p style=\"margin: 0.0px 0.0px 0.0px 0.0px; font: 12.0px Times New Roman; min-height: 15.0px\">&nbsp;<\/p>\n<p style=\"margin: 0.0px 0.0px 0.0px 0.0px; font: 16.0px Times New Roman\"><b>3.<\/b> Takto znelo Bo\u017eie slovo aj na&scaron;&iacute;m predkom pri posviackach t&yacute;chto&nbsp; budov, ktor&eacute; pripom&iacute;naj&uacute; odvahu viery t&yacute;ch, \u010do n&aacute;s predi&scaron;li na ve\u010dnos\u0165. Vedeli, \u017ee sami ni\u010d nepriniesli na tento svet a ni\u010d si ani neodnes&uacute;, ak pravda nepo\u010d&iacute;tame t&uacute; obnovu ducha \u010dloveka darom DSV!<\/p>\n<p style=\"margin: 0.0px 0.0px 0.0px 0.0px; font: 16.0px Times New Roman\">Napokon plat&iacute;: P&aacute;n Boh,&nbsp; &bdquo;<i>chyt&aacute; m&uacute;drych v ich chytr&aacute;ctve&ldquo;! <\/i>N&aacute;jde si ka\u017ed&eacute;ho hrie&scaron;nika, zjavn&eacute;ho \u010di tajn&eacute;ho . Nijak&yacute; strom \u013eudskej p&yacute;chy a m&uacute;drosti nerastie do neba&#8230; &bdquo;<i>A zase: P&aacute;n zn&aacute; my&scaron;lienky&nbsp; m&uacute;drych, \u017ee s&uacute; m&aacute;rne&ldquo;.(v.2O) <\/i>Ok&uacute;zlenos\u0165 hriechom, zneu\u017e&iacute;vanie slobody,&nbsp; uctievanie bo\u017estva mamony a mnoho podobn&yacute;ch vec&iacute; s&uacute; m&aacute;rnos\u0165ou. P&aacute;n&nbsp; Boh n&aacute;s svoj&iacute;m slovom otcovsky varuje pred ka\u017ed&yacute;m bludn&yacute;m m&aacute;men&iacute;m hriechu , pred duchom svetskej m&uacute;drosti, ke\u010f je \u010dlovek: &bdquo;m&uacute;dry iba pre seba&ldquo;, pred lakomstvom a p&yacute;chou, ktor&aacute; peklom d&yacute;cha a tak pred znesv&auml;ten&iacute;m toho, \u010do On posv&auml;til a chce, aby zostalo Jeho vlastn&yacute;m.&nbsp;<\/p>\n<p style=\"margin: 0.0px 0.0px 0.0px 0.0px; font: 16.0px Times New Roman\">Ak v&scaron;ak niekto nechce po\u010du\u0165 slovo&nbsp; o duchovnej smrti, o d&ocirc;sledku odpadnutia a neraz i jud&aacute;&scaron;stva, ke\u010f za p&aacute;r striebor&yacute;ch&nbsp; \u010dlovek zavrhne spasenie Bo\u017eie&nbsp; a dar ve\u010dn&eacute;ho \u017eivota, m&aacute; tie\u017e svoju odplatu. Je tu ona u\u017e dnes a teraz. Potom, v \u017eivote bud&uacute;ceho veku bude tak&aacute;, ako si \u010dlovek vyberie a vyvol&iacute; u\u017e dnes.<\/p>\n<p style=\"margin: 0.0px 0.0px 0.0px 0.0px; font: 12.0px Times New Roman; min-height: 15.0px\">&nbsp;&nbsp; &nbsp;<\/p>\n<p style=\"margin: 0.0px 0.0px 0.0px 0.0px; font: 12.0px Times New Roman\">&nbsp; &nbsp; My sa v&scaron;ak vr&aacute;\u0165me na za\u010diatok&nbsp; dne&scaron;n&eacute;ho posolstva a svedectva, ktor&eacute; n&aacute;m pripom&iacute;na&nbsp; slu\u017ebu Bo\u017eiu i slu\u017ebu t&yacute;ch, ktor&iacute; ako Bo\u017e&iacute; spolupracovn&iacute;ci st&aacute;li a stoja&nbsp; v P&aacute;novej slu\u017ebe pre n&aacute;s! Vedzme&nbsp; a nezabudnime, \u017ee sme chr&aacute;m Bo\u017e&iacute; a Duch Bo\u017e&iacute; preb&yacute;va a chce preb&yacute;va\u0165 v n&aacute;s. Aby n&aacute;&scaron;ho ducha&nbsp; svoj&iacute;m Duchom posv&auml;til, aby n&aacute;s svojou m&uacute;dros\u0165ou obdaril a tak pred duchovnou smr\u0165ou zachr&aacute;nil.&nbsp;<\/p>\n<p style=\"margin: 0.0px 0.0px 0.0px 0.0px; font: 16.0px Times New Roman\">To chce a kon&aacute;&nbsp; v n&aacute;s Duch Bo\u017e&iacute;,&nbsp; ak to chceme aj my a ak to aj ka\u017edodenne dokazujeme.&nbsp; Pam&auml;tajme, \u017ee &bdquo;<i>v&scaron;etko je na&scaron;e, ale my sme Kristovi a Kristus je Bo\u017e&iacute;&ldquo;<\/i>.(v.20) Amen.<\/p>\n<p style=\"margin: 0.0px 0.0px 0.0px 0.0px; font: 16.0px Times New Roman; min-height: 18.0px\">&nbsp;<\/p>\n<p style=\"margin: 0.0px 0.0px 0.0px 0.0px; font: 12.0px Times New Roman\">&nbsp;&nbsp; &nbsp; &nbsp; &nbsp; &nbsp; &nbsp; &nbsp; &nbsp; &nbsp; &nbsp; &nbsp; &nbsp; &nbsp; &nbsp; &nbsp; &nbsp; &nbsp; &nbsp; &nbsp; &nbsp; &nbsp; &nbsp; &nbsp; &nbsp; &nbsp;(K&aacute;ze\u0148 v 13.N. po sv.Trojici &#8211;&nbsp; Podbran\u010d&nbsp;&nbsp;29.8.&nbsp;2010- \u013d.Batka st.)&nbsp; &nbsp; &nbsp; &nbsp; &nbsp; &nbsp; &nbsp; &nbsp; &nbsp; &nbsp; &nbsp; &nbsp; &nbsp; &nbsp; &nbsp; &nbsp; &nbsp; &nbsp; &nbsp; &nbsp; &nbsp; &nbsp; &nbsp; &nbsp; &nbsp; &nbsp; &nbsp; &nbsp; &nbsp; &nbsp;<\/p>\n<p style=\"margin: 0.0px 0.0px 0.0px 0.0px; font: 16.0px Times New Roman; min-height: 18.0px\">&nbsp;&nbsp; &nbsp; &nbsp; &nbsp; &nbsp; &nbsp; &nbsp; &nbsp; &nbsp; &nbsp; &nbsp; &nbsp; &nbsp;<\/p>\n<div>&nbsp;<\/div>\n","protected":false},"excerpt":{"rendered":"<p>&nbsp;&nbsp;&nbsp; &nbsp; &nbsp; &nbsp; &nbsp; &nbsp; &nbsp; &nbsp; &nbsp; &nbsp; &nbsp; &nbsp; &nbsp; &nbsp; &nbsp; &nbsp; &nbsp; &nbsp; &nbsp; &nbsp; &nbsp; &nbsp; &nbsp; &nbsp; &nbsp; &nbsp; &nbsp; &nbsp; Neviete, \u017ee ste chr&aacute;m Bo\u017e&iacute; ? 1 K 3, 16 &ndash; 2O: &ldquo;\u010ci neviete, \u017ee ste chr&aacute;m Bo\u017e&iacute; a Duch Bo\u017e&iacute; preb&yacute;va vo v&aacute;s? Kto kaz&iacute; chr&aacute;m &#8230; <a title=\"Neviete, \u017ee ste chr\u00e1m Bo\u017e\u00ed?\" class=\"read-more\" href=\"https:\/\/www.e-anjelik.sk\/index.php\/2010\/08\/30\/neviete-ze-ste-chram-bozi\/\" aria-label=\"Pre\u010d\u00edtajte si viac o Neviete, \u017ee ste chr\u00e1m Bo\u017e\u00ed?\">\u010c\u00edta\u0165 viac<\/a><\/p>\n","protected":false},"author":4,"featured_media":0,"comment_status":"open","ping_status":"open","sticky":false,"template":"","format":"standard","meta":{"footnotes":""},"categories":[121,124,95],"tags":[],"class_list":["post-2989","post","type-post","status-publish","format-standard","hentry","category-kazne","category-pamiatka-posvatenia-chramu","category-sobotiste"],"_links":{"self":[{"href":"https:\/\/www.e-anjelik.sk\/index.php\/wp-json\/wp\/v2\/posts\/2989","targetHints":{"allow":["GET"]}}],"collection":[{"href":"https:\/\/www.e-anjelik.sk\/index.php\/wp-json\/wp\/v2\/posts"}],"about":[{"href":"https:\/\/www.e-anjelik.sk\/index.php\/wp-json\/wp\/v2\/types\/post"}],"author":[{"embeddable":true,"href":"https:\/\/www.e-anjelik.sk\/index.php\/wp-json\/wp\/v2\/users\/4"}],"replies":[{"embeddable":true,"href":"https:\/\/www.e-anjelik.sk\/index.php\/wp-json\/wp\/v2\/comments?post=2989"}],"version-history":[{"count":0,"href":"https:\/\/www.e-anjelik.sk\/index.php\/wp-json\/wp\/v2\/posts\/2989\/revisions"}],"wp:attachment":[{"href":"https:\/\/www.e-anjelik.sk\/index.php\/wp-json\/wp\/v2\/media?parent=2989"}],"wp:term":[{"taxonomy":"category","embeddable":true,"href":"https:\/\/www.e-anjelik.sk\/index.php\/wp-json\/wp\/v2\/categories?post=2989"},{"taxonomy":"post_tag","embeddable":true,"href":"https:\/\/www.e-anjelik.sk\/index.php\/wp-json\/wp\/v2\/tags?post=2989"}],"curies":[{"name":"wp","href":"https:\/\/api.w.org\/{rel}","templated":true}]}}