{"id":2990,"date":"2010-08-31T11:53:22","date_gmt":"2010-08-31T11:53:22","guid":{"rendered":"http:\/\/e-anjelik.sk\/?p=2990"},"modified":"2010-08-31T11:53:22","modified_gmt":"2010-08-31T11:53:22","slug":"jan-olof-johansson-novy-biskup-vo-vaxjo","status":"publish","type":"post","link":"https:\/\/www.e-anjelik.sk\/index.php\/2010\/08\/31\/jan-olof-johansson-novy-biskup-vo-vaxjo\/","title":{"rendered":"Jan-Olof Johansson &#8211; nov\u00fd biskup vo V\u00e4xjo"},"content":{"rendered":"<p>V pondelok 30. augusta t.r. sa konali vo\u013eby nov&eacute;ho biskupa v diec&eacute;ze V&auml;xjo &Scaron;v&eacute;dskej cirkvi. Ako sme u\u017e o tom p&iacute;sali , vo febru&aacute;ri t.r. rezignoval biskup Thideval. Komisia zo zna\u010dn&eacute;ho po\u010dtu z&aacute;ujemcov vybrala piatich kandid&aacute;tov &#8211; &scaron;tyroch mu\u017eov a jednu \u017eenu. V piatok 27. aug. sa t&iacute;to kandid&aacute;ti podrobili v&yacute;sluchu: v&scaron;etci mali odpoveda\u0165 na ot&aacute;zky,ktor&eacute; pripravili dvaja sk&uacute;sen&iacute; odborn&iacute;ci -novin&aacute;ri. Najviac hlasov po skon\u010den&iacute; h&iacute;ringu z&iacute;skal J.O. Johansson, ktor&yacute; nakoni&eacute;c aj v pondelkov&yacute;ch vo\u013eb&aacute;ch dostal 60% hlasov, a t&yacute;m bol u\u017e v prvom kole zvolen&yacute; za biskupa. Johansson m&aacute; 62 rokov, je d&oacute;mskym dekanom a u\u017e od r. 1980 \u017eije a pracuje v diec&eacute;ze. Chce nav&scaron;tevova\u0165 cirkevn&eacute; zbory a radami pom&aacute;ha\u0165 a povzbudzova\u0165 duchovn&yacute;ch a ostatn&yacute;ch pracovn&iacute;kov v zboroch. Je \u017eenat&yacute; a s man\u017eelkou Annou maj&uacute; tri dospel&eacute; deti. Vysviacka za biskupa bude v Uppsale v d&oacute;me 21. novembra t.r.<\/p>\n","protected":false},"excerpt":{"rendered":"<p>V pondelok 30. augusta t.r. sa konali vo\u013eby nov&eacute;ho biskupa v diec&eacute;ze V&auml;xjo &Scaron;v&eacute;dskej cirkvi. Ako sme u\u017e o tom p&iacute;sali , vo febru&aacute;ri t.r. rezignoval biskup Thideval. Komisia zo zna\u010dn&eacute;ho po\u010dtu z&aacute;ujemcov vybrala piatich kandid&aacute;tov &#8211; &scaron;tyroch mu\u017eov a jednu \u017eenu. V piatok 27. aug. sa t&iacute;to kandid&aacute;ti podrobili v&yacute;sluchu: v&scaron;etci mali odpoveda\u0165 na &#8230; <a title=\"Jan-Olof Johansson &#8211; nov\u00fd biskup vo V\u00e4xjo\" class=\"read-more\" href=\"https:\/\/www.e-anjelik.sk\/index.php\/2010\/08\/31\/jan-olof-johansson-novy-biskup-vo-vaxjo\/\" aria-label=\"Pre\u010d\u00edtajte si viac o Jan-Olof Johansson &#8211; nov\u00fd biskup vo V\u00e4xjo\">\u010c\u00edta\u0165 viac<\/a><\/p>\n","protected":false},"author":22,"featured_media":0,"comment_status":"open","ping_status":"open","sticky":false,"template":"","format":"standard","meta":{"footnotes":""},"categories":[42,10],"tags":[],"class_list":["post-2990","post","type-post","status-publish","format-standard","hentry","category-skandinavia","category-zo-sveta"],"_links":{"self":[{"href":"https:\/\/www.e-anjelik.sk\/index.php\/wp-json\/wp\/v2\/posts\/2990","targetHints":{"allow":["GET"]}}],"collection":[{"href":"https:\/\/www.e-anjelik.sk\/index.php\/wp-json\/wp\/v2\/posts"}],"about":[{"href":"https:\/\/www.e-anjelik.sk\/index.php\/wp-json\/wp\/v2\/types\/post"}],"author":[{"embeddable":true,"href":"https:\/\/www.e-anjelik.sk\/index.php\/wp-json\/wp\/v2\/users\/22"}],"replies":[{"embeddable":true,"href":"https:\/\/www.e-anjelik.sk\/index.php\/wp-json\/wp\/v2\/comments?post=2990"}],"version-history":[{"count":0,"href":"https:\/\/www.e-anjelik.sk\/index.php\/wp-json\/wp\/v2\/posts\/2990\/revisions"}],"wp:attachment":[{"href":"https:\/\/www.e-anjelik.sk\/index.php\/wp-json\/wp\/v2\/media?parent=2990"}],"wp:term":[{"taxonomy":"category","embeddable":true,"href":"https:\/\/www.e-anjelik.sk\/index.php\/wp-json\/wp\/v2\/categories?post=2990"},{"taxonomy":"post_tag","embeddable":true,"href":"https:\/\/www.e-anjelik.sk\/index.php\/wp-json\/wp\/v2\/tags?post=2990"}],"curies":[{"name":"wp","href":"https:\/\/api.w.org\/{rel}","templated":true}]}}