{"id":2991,"date":"2010-08-31T12:23:09","date_gmt":"2010-08-31T12:23:09","guid":{"rendered":"http:\/\/e-anjelik.sk\/?p=2991"},"modified":"2010-08-31T12:23:09","modified_gmt":"2010-08-31T12:23:09","slug":"ordinovali-dvoch-ortodoxnych-rabinov-v-lipsku","status":"publish","type":"post","link":"https:\/\/www.e-anjelik.sk\/index.php\/2010\/08\/31\/ordinovali-dvoch-ortodoxnych-rabinov-v-lipsku\/","title":{"rendered":"Ordinovali dvoch ortodoxn\u00fdch rab\u00ednov v Lipsku"},"content":{"rendered":"<p>V pondelok 30. augusta t.r. v Lipsku ordinovali dvoch ortodoxn&yacute;ch rab&iacute;nov &#8211; absolventov rab&iacute;nskej &scaron;koly v Berl&iacute;ne. Je to druh&yacute; raz v hist&oacute;rii Nemecka od vojnov&yacute;ch \u010dias. 29 ro\u010dn&yacute; Schlomo Afanasev bude od septembra pracova\u0165 ako jedin&yacute; rab&iacute;n v Brandenbursku. 22-ro\u010dn&yacute; Moshe Baumel m&aacute; pracova\u0165 v \u017eidovskej &scaron;kole a pom&aacute;ha\u0165 v \u017eidovskej n&aacute;bo\u017eenskej obci vo Viedni.<\/p>\n<p>(<a href=\"http:\/\/www.epd.de\">www.epd.de<\/a>)<\/p>\n","protected":false},"excerpt":{"rendered":"<p>V pondelok 30. augusta t.r. v Lipsku ordinovali dvoch ortodoxn&yacute;ch rab&iacute;nov &#8211; absolventov rab&iacute;nskej &scaron;koly v Berl&iacute;ne. Je to druh&yacute; raz v hist&oacute;rii Nemecka od vojnov&yacute;ch \u010dias. 29 ro\u010dn&yacute; Schlomo Afanasev bude od septembra pracova\u0165 ako jedin&yacute; rab&iacute;n v Brandenbursku. 22-ro\u010dn&yacute; Moshe Baumel m&aacute; pracova\u0165 v \u017eidovskej &scaron;kole a pom&aacute;ha\u0165 v \u017eidovskej n&aacute;bo\u017eenskej obci vo &#8230; <a title=\"Ordinovali dvoch ortodoxn\u00fdch rab\u00ednov v Lipsku\" class=\"read-more\" href=\"https:\/\/www.e-anjelik.sk\/index.php\/2010\/08\/31\/ordinovali-dvoch-ortodoxnych-rabinov-v-lipsku\/\" aria-label=\"Pre\u010d\u00edtajte si viac o Ordinovali dvoch ortodoxn\u00fdch rab\u00ednov v Lipsku\">\u010c\u00edta\u0165 viac<\/a><\/p>\n","protected":false},"author":22,"featured_media":0,"comment_status":"open","ping_status":"open","sticky":false,"template":"","format":"standard","meta":{"footnotes":""},"categories":[2],"tags":[],"class_list":["post-2991","post","type-post","status-publish","format-standard","hentry","category-ekumena"],"_links":{"self":[{"href":"https:\/\/www.e-anjelik.sk\/index.php\/wp-json\/wp\/v2\/posts\/2991","targetHints":{"allow":["GET"]}}],"collection":[{"href":"https:\/\/www.e-anjelik.sk\/index.php\/wp-json\/wp\/v2\/posts"}],"about":[{"href":"https:\/\/www.e-anjelik.sk\/index.php\/wp-json\/wp\/v2\/types\/post"}],"author":[{"embeddable":true,"href":"https:\/\/www.e-anjelik.sk\/index.php\/wp-json\/wp\/v2\/users\/22"}],"replies":[{"embeddable":true,"href":"https:\/\/www.e-anjelik.sk\/index.php\/wp-json\/wp\/v2\/comments?post=2991"}],"version-history":[{"count":0,"href":"https:\/\/www.e-anjelik.sk\/index.php\/wp-json\/wp\/v2\/posts\/2991\/revisions"}],"wp:attachment":[{"href":"https:\/\/www.e-anjelik.sk\/index.php\/wp-json\/wp\/v2\/media?parent=2991"}],"wp:term":[{"taxonomy":"category","embeddable":true,"href":"https:\/\/www.e-anjelik.sk\/index.php\/wp-json\/wp\/v2\/categories?post=2991"},{"taxonomy":"post_tag","embeddable":true,"href":"https:\/\/www.e-anjelik.sk\/index.php\/wp-json\/wp\/v2\/tags?post=2991"}],"curies":[{"name":"wp","href":"https:\/\/api.w.org\/{rel}","templated":true}]}}