{"id":29918,"date":"2016-02-14T00:18:32","date_gmt":"2016-02-13T22:18:32","guid":{"rendered":"http:\/\/www.evanjelik.sk\/?p=29918"},"modified":"2016-02-14T00:18:32","modified_gmt":"2016-02-13T22:18:32","slug":"vyhlasenie-ecav-k-volbam-2016","status":"publish","type":"post","link":"https:\/\/www.e-anjelik.sk\/index.php\/2016\/02\/14\/vyhlasenie-ecav-k-volbam-2016\/","title":{"rendered":"Vyhl\u00e1senie ECAV k vo\u013eb\u00e1m 2016"},"content":{"rendered":"<p>Predsedn\u00edctvo Evanjelickej cirkvi augsbursk\u00e9ho vyznania na Slovensku sa 2. febru\u00e1ra 2016 vyjadrilo k bl\u00ed\u017eiacim sa vo\u013eb\u00e1m do N\u00e1rodnej rady Slovenskej republiky.Predsedn\u00edctvo ECAV na Slovensku | 11.2.2016<\/p>\n<p><a href=\"http:\/\/www.ecav.sk\/files\/user\/stanovisko_p-ecav_volby_2016.pdf\">http:\/\/www.ecav.sk\/files\/user\/stanovisko_p-ecav_volby_2016.pdf<\/a>&nbsp;<\/p>\n<p><a href=\"http:\/\/e-anjelik.sk\/wp-content\/uploads\/2016\/02\/img_0124.jpg\"><img decoding=\"async\" src=\"http:\/\/e-anjelik.sk\/wp-content\/uploads\/2016\/02\/img_0124.jpg\" alt=\"\"><\/a>&nbsp;<\/p>\n","protected":false},"excerpt":{"rendered":"<p>Predsedn\u00edctvo Evanjelickej cirkvi augsbursk\u00e9ho vyznania na Slovensku sa 2. febru\u00e1ra 2016 vyjadrilo k bl\u00ed\u017eiacim sa vo\u013eb\u00e1m do N\u00e1rodnej rady Slovenskej republiky.Predsedn\u00edctvo ECAV na Slovensku | 11.2.2016 http:\/\/www.ecav.sk\/files\/user\/stanovisko_p-ecav_volby_2016.pdf&nbsp; &nbsp;<\/p>\n","protected":false},"author":5,"featured_media":0,"comment_status":"open","ping_status":"closed","sticky":false,"template":"","format":"standard","meta":{"footnotes":""},"categories":[1],"tags":[],"class_list":["post-29918","post","type-post","status-publish","format-standard","hentry","category-adventna-modlitba"],"_links":{"self":[{"href":"https:\/\/www.e-anjelik.sk\/index.php\/wp-json\/wp\/v2\/posts\/29918","targetHints":{"allow":["GET"]}}],"collection":[{"href":"https:\/\/www.e-anjelik.sk\/index.php\/wp-json\/wp\/v2\/posts"}],"about":[{"href":"https:\/\/www.e-anjelik.sk\/index.php\/wp-json\/wp\/v2\/types\/post"}],"author":[{"embeddable":true,"href":"https:\/\/www.e-anjelik.sk\/index.php\/wp-json\/wp\/v2\/users\/5"}],"replies":[{"embeddable":true,"href":"https:\/\/www.e-anjelik.sk\/index.php\/wp-json\/wp\/v2\/comments?post=29918"}],"version-history":[{"count":0,"href":"https:\/\/www.e-anjelik.sk\/index.php\/wp-json\/wp\/v2\/posts\/29918\/revisions"}],"wp:attachment":[{"href":"https:\/\/www.e-anjelik.sk\/index.php\/wp-json\/wp\/v2\/media?parent=29918"}],"wp:term":[{"taxonomy":"category","embeddable":true,"href":"https:\/\/www.e-anjelik.sk\/index.php\/wp-json\/wp\/v2\/categories?post=29918"},{"taxonomy":"post_tag","embeddable":true,"href":"https:\/\/www.e-anjelik.sk\/index.php\/wp-json\/wp\/v2\/tags?post=29918"}],"curies":[{"name":"wp","href":"https:\/\/api.w.org\/{rel}","templated":true}]}}