{"id":2992,"date":"2010-08-31T13:08:37","date_gmt":"2010-08-31T13:08:37","guid":{"rendered":"http:\/\/e-anjelik.sk\/?p=2992"},"modified":"2010-08-31T13:08:37","modified_gmt":"2010-08-31T13:08:37","slug":"otvorili-novu-budovu-misijneho-strediska-a-seminara-synody-evanjelicko-luteranskych-cirkvi-ukrajiny","status":"publish","type":"post","link":"https:\/\/www.e-anjelik.sk\/index.php\/2010\/08\/31\/otvorili-novu-budovu-misijneho-strediska-a-seminara-synody-evanjelicko-luteranskych-cirkvi-ukrajiny\/","title":{"rendered":"Otvorili nov\u00fa budovu Misijn\u00e9ho strediska a semin\u00e1ra Synody Evanjelicko-luter\u00e1nskych cirkv\u00ed Ukrajiny"},"content":{"rendered":"<p>V sobotu 21. augusta t.r. za\u017eila Synoda Evanjelicko-luter&aacute;nskych cirkv&iacute; Ukrajiny ve\u013ek&uacute; rados\u0165, ke\u010f po takmer desiatich rokoch pr&iacute;prav a v&yacute;stavby otvorili na okraji mesta Odesy nov&uacute; budovu Misijn&eacute;ho strediska tejto cirkvi. V budove sa bude nach&aacute;dza\u0165 teologick&yacute; semin&aacute;r a &uacute;rad biskupa.Na sl&aacute;vnosti sa z&uacute;\u010dastnilo v&scaron;etk&yacute;ch 13 cirkevn&yacute;ch zborov Synody, hostia a partneri z Kanadskej luter&aacute;nskej cirkvi (MS) , z misi&iacute; zo &Scaron;v&eacute;dska a N&oacute;rska, priatelia z Moldavska, Ruska a Ukrajiny. Slu\u017eby Bo\u017eie viedol biskup Viktor Grefenstein. K&aacute;zne predniesli prezident Synody ELC&nbsp;MS z Kanady Robert Barby a pastor Alexej Navrockij. V ten ist&yacute; de\u0148 ve\u010der otvorili teologick&yacute; semin&aacute;r. Pr&iacute;prava bud&uacute;cich pastorov bude trva\u0165 tri roky. Predn&aacute;&scaron;a\u0165 bud&uacute; u\u010ditelia z Concordia Seminary v Kanade.Vyu\u010dovanie pre prv&uacute; skupinu sa za\u010d&iacute;na 1. septembra 2010.<\/p>\n<p>(<a href=\"http:\/\/www.delku.org.ua\">www.delku.org.ua<\/a>)<\/p>\n","protected":false},"excerpt":{"rendered":"<p>V sobotu 21. augusta t.r. za\u017eila Synoda Evanjelicko-luter&aacute;nskych cirkv&iacute; Ukrajiny ve\u013ek&uacute; rados\u0165, ke\u010f po takmer desiatich rokoch pr&iacute;prav a v&yacute;stavby otvorili na okraji mesta Odesy nov&uacute; budovu Misijn&eacute;ho strediska tejto cirkvi. V budove sa bude nach&aacute;dza\u0165 teologick&yacute; semin&aacute;r a &uacute;rad biskupa.Na sl&aacute;vnosti sa z&uacute;\u010dastnilo v&scaron;etk&yacute;ch 13 cirkevn&yacute;ch zborov Synody, hostia a partneri z Kanadskej luter&aacute;nskej &#8230; <a title=\"Otvorili nov\u00fa budovu Misijn\u00e9ho strediska a semin\u00e1ra Synody Evanjelicko-luter\u00e1nskych cirkv\u00ed Ukrajiny\" class=\"read-more\" href=\"https:\/\/www.e-anjelik.sk\/index.php\/2010\/08\/31\/otvorili-novu-budovu-misijneho-strediska-a-seminara-synody-evanjelicko-luteranskych-cirkvi-ukrajiny\/\" aria-label=\"Pre\u010d\u00edtajte si viac o Otvorili nov\u00fa budovu Misijn\u00e9ho strediska a semin\u00e1ra Synody Evanjelicko-luter\u00e1nskych cirkv\u00ed Ukrajiny\">\u010c\u00edta\u0165 viac<\/a><\/p>\n","protected":false},"author":22,"featured_media":0,"comment_status":"open","ping_status":"open","sticky":false,"template":"","format":"standard","meta":{"footnotes":""},"categories":[9,10],"tags":[],"class_list":["post-2992","post","type-post","status-publish","format-standard","hentry","category-europa","category-zo-sveta"],"_links":{"self":[{"href":"https:\/\/www.e-anjelik.sk\/index.php\/wp-json\/wp\/v2\/posts\/2992","targetHints":{"allow":["GET"]}}],"collection":[{"href":"https:\/\/www.e-anjelik.sk\/index.php\/wp-json\/wp\/v2\/posts"}],"about":[{"href":"https:\/\/www.e-anjelik.sk\/index.php\/wp-json\/wp\/v2\/types\/post"}],"author":[{"embeddable":true,"href":"https:\/\/www.e-anjelik.sk\/index.php\/wp-json\/wp\/v2\/users\/22"}],"replies":[{"embeddable":true,"href":"https:\/\/www.e-anjelik.sk\/index.php\/wp-json\/wp\/v2\/comments?post=2992"}],"version-history":[{"count":0,"href":"https:\/\/www.e-anjelik.sk\/index.php\/wp-json\/wp\/v2\/posts\/2992\/revisions"}],"wp:attachment":[{"href":"https:\/\/www.e-anjelik.sk\/index.php\/wp-json\/wp\/v2\/media?parent=2992"}],"wp:term":[{"taxonomy":"category","embeddable":true,"href":"https:\/\/www.e-anjelik.sk\/index.php\/wp-json\/wp\/v2\/categories?post=2992"},{"taxonomy":"post_tag","embeddable":true,"href":"https:\/\/www.e-anjelik.sk\/index.php\/wp-json\/wp\/v2\/tags?post=2992"}],"curies":[{"name":"wp","href":"https:\/\/api.w.org\/{rel}","templated":true}]}}