{"id":2993,"date":"2010-09-01T11:27:19","date_gmt":"2010-09-01T11:27:19","guid":{"rendered":"http:\/\/e-anjelik.sk\/?p=2993"},"modified":"2010-09-01T11:27:19","modified_gmt":"2010-09-01T11:27:19","slug":"nespokojni-pastori-v-lotyssku","status":"publish","type":"post","link":"https:\/\/www.e-anjelik.sk\/index.php\/2010\/09\/01\/nespokojni-pastori-v-lotyssku\/","title":{"rendered":"Nespokojn\u00ed pastori v Loty\u0161sku"},"content":{"rendered":"<p>Medzi luter&aacute;nskymi pastormi ELC&nbsp;Loty&scaron;ska narast&aacute; nespokojnos\u0165 s \u010dinnos\u0165ou arcibiskupa Janisa Vanagsa,p&iacute;&scaron;u noviny Neatkariga. Pr&iacute;\u010dinou nespokojnosti je akoby ve\u013ek&yacute; vplyv r&iacute;mskokatol&iacute;ckej cirkvi na&nbsp; vedenie lut. cirkvi. O.i. sa hovor&iacute; o povolen&iacute; kona\u0165 ordin&aacute;ciu r&iacute;m. kat. arcibiskupa Zbignieva Stankevi\u010da v lut. katedr&aacute;le v Rige. Organiz&aacute;tori tento po\u010din vysvetlili t&yacute;m, \u017ee katedr&aacute;la je najpriestrannej&scaron;&iacute;m chr&aacute;mom v Starej Rige. Bohoslu\u017eba charakterizovala dobr&eacute; vz\u0165ahy medzi prestavite\u013emi oboch kres\u0165ansk&yacute;ch cirkv&iacute;. Nespokojn&iacute; pastori s politikou vedenia cirkvi chc&uacute; na pravidelnej jesennej synode cirkvi vznies\u0165 ot&aacute;zku zmeny cirkevnej &uacute;stavy s t&yacute;m, aby oklie&scaron;tili pr&aacute;va arcibiskupa. Je to vlastne vyjadrenie ned&ocirc;very teraj&scaron;iemu arcibiskupovi. Skuto\u010dnou pr&iacute;\u010dinou nespokojnosti pastorov s&uacute; v&scaron;ak finan\u010dn&eacute; probl&eacute;my cirkvi, v&yacute;sledkom \u010doho boli zn&iacute;\u017een&eacute; pr&iacute;jmy duchovn&yacute;ch.<\/p>\n<p>(<a href=\"http:\/\/www.baznica.info\">www.baznica.info<\/a>)<\/p>\n","protected":false},"excerpt":{"rendered":"<p>Medzi luter&aacute;nskymi pastormi ELC&nbsp;Loty&scaron;ska narast&aacute; nespokojnos\u0165 s \u010dinnos\u0165ou arcibiskupa Janisa Vanagsa,p&iacute;&scaron;u noviny Neatkariga. Pr&iacute;\u010dinou nespokojnosti je akoby ve\u013ek&yacute; vplyv r&iacute;mskokatol&iacute;ckej cirkvi na&nbsp; vedenie lut. cirkvi. O.i. sa hovor&iacute; o povolen&iacute; kona\u0165 ordin&aacute;ciu r&iacute;m. kat. arcibiskupa Zbignieva Stankevi\u010da v lut. katedr&aacute;le v Rige. Organiz&aacute;tori tento po\u010din vysvetlili t&yacute;m, \u017ee katedr&aacute;la je najpriestrannej&scaron;&iacute;m chr&aacute;mom v Starej Rige. &#8230; <a title=\"Nespokojn\u00ed pastori v Loty\u0161sku\" class=\"read-more\" href=\"https:\/\/www.e-anjelik.sk\/index.php\/2010\/09\/01\/nespokojni-pastori-v-lotyssku\/\" aria-label=\"Pre\u010d\u00edtajte si viac o Nespokojn\u00ed pastori v Loty\u0161sku\">\u010c\u00edta\u0165 viac<\/a><\/p>\n","protected":false},"author":22,"featured_media":0,"comment_status":"open","ping_status":"open","sticky":false,"template":"","format":"standard","meta":{"footnotes":""},"categories":[20,10],"tags":[],"class_list":["post-2993","post","type-post","status-publish","format-standard","hentry","category-baltikum","category-zo-sveta"],"_links":{"self":[{"href":"https:\/\/www.e-anjelik.sk\/index.php\/wp-json\/wp\/v2\/posts\/2993","targetHints":{"allow":["GET"]}}],"collection":[{"href":"https:\/\/www.e-anjelik.sk\/index.php\/wp-json\/wp\/v2\/posts"}],"about":[{"href":"https:\/\/www.e-anjelik.sk\/index.php\/wp-json\/wp\/v2\/types\/post"}],"author":[{"embeddable":true,"href":"https:\/\/www.e-anjelik.sk\/index.php\/wp-json\/wp\/v2\/users\/22"}],"replies":[{"embeddable":true,"href":"https:\/\/www.e-anjelik.sk\/index.php\/wp-json\/wp\/v2\/comments?post=2993"}],"version-history":[{"count":0,"href":"https:\/\/www.e-anjelik.sk\/index.php\/wp-json\/wp\/v2\/posts\/2993\/revisions"}],"wp:attachment":[{"href":"https:\/\/www.e-anjelik.sk\/index.php\/wp-json\/wp\/v2\/media?parent=2993"}],"wp:term":[{"taxonomy":"category","embeddable":true,"href":"https:\/\/www.e-anjelik.sk\/index.php\/wp-json\/wp\/v2\/categories?post=2993"},{"taxonomy":"post_tag","embeddable":true,"href":"https:\/\/www.e-anjelik.sk\/index.php\/wp-json\/wp\/v2\/tags?post=2993"}],"curies":[{"name":"wp","href":"https:\/\/api.w.org\/{rel}","templated":true}]}}