{"id":2994,"date":"2010-09-01T12:13:18","date_gmt":"2010-09-01T12:13:18","guid":{"rendered":"http:\/\/e-anjelik.sk\/?p=2994"},"modified":"2010-09-01T12:13:18","modified_gmt":"2010-09-01T12:13:18","slug":"rozsirili-budovu-lut-skoly-v-najjuznejsom-meste-sveta","status":"publish","type":"post","link":"https:\/\/www.e-anjelik.sk\/index.php\/2010\/09\/01\/rozsirili-budovu-lut-skoly-v-najjuznejsom-meste-sveta\/","title":{"rendered":"Roz\u0161\u00edrili budovu lut. \u0161koly v najju\u017enej\u0161om meste sveta"},"content":{"rendered":"<p>V Punta Arenas, hlavnom meste regi&oacute;nu Magallanes v \u010cile , nach&aacute;dza sa najju\u017enej&scaron;&iacute; lut.&nbsp;cirkevn&yacute; zbor&nbsp;sveta. Patr&iacute; k ELC \u010cile a je nosite\u013eom ambici&oacute;zneho &scaron;kolsk&eacute;ho projektu. Miestna lut. &scaron;kola si po\u010das mnoh&yacute;ch rokov z&iacute;skala renom&eacute; . Narastal po\u010det \u017eiakov, tak\u017ee bolo treba urobi\u0165 pl&aacute;n pr&iacute;stavby. Prik&uacute;pili pozemok, prestavali &scaron;k&ocirc;lku a faru integrovali ku &scaron;kole. V tretej etape budovania pristavili nieko\u013eko u\u010debn&iacute;. V auguste t.r. sa konala posviacka pr&iacute;stavieb za &uacute;\u010dasti predsedkyne vl&aacute;dy tohto regi&oacute;nu ako aj prezidentky cirkvi Glorie Rojas. Z&aacute;kladn&aacute; &scaron;kola m&aacute; teraz kompletn&yacute;ch osem&nbsp;ro\u010dn&iacute;kov&nbsp;. Invest&iacute;cia \u010dinila 120 mili&oacute;nov pesos, z nich v&auml;\u010d&scaron;ina pri&scaron;la ako milodary z Nemecka.<\/p>\n<p>(<a href=\"http:\/\/www.gustav-adolf-werk.de\">www.gustav-adolf-werk.de<\/a>)<\/p>\n","protected":false},"excerpt":{"rendered":"<p>V Punta Arenas, hlavnom meste regi&oacute;nu Magallanes v \u010cile , nach&aacute;dza sa najju\u017enej&scaron;&iacute; lut.&nbsp;cirkevn&yacute; zbor&nbsp;sveta. Patr&iacute; k ELC \u010cile a je nosite\u013eom ambici&oacute;zneho &scaron;kolsk&eacute;ho projektu. Miestna lut. &scaron;kola si po\u010das mnoh&yacute;ch rokov z&iacute;skala renom&eacute; . Narastal po\u010det \u017eiakov, tak\u017ee bolo treba urobi\u0165 pl&aacute;n pr&iacute;stavby. Prik&uacute;pili pozemok, prestavali &scaron;k&ocirc;lku a faru integrovali ku &scaron;kole. V tretej &#8230; <a title=\"Roz\u0161\u00edrili budovu lut. \u0161koly v najju\u017enej\u0161om meste sveta\" class=\"read-more\" href=\"https:\/\/www.e-anjelik.sk\/index.php\/2010\/09\/01\/rozsirili-budovu-lut-skoly-v-najjuznejsom-meste-sveta\/\" aria-label=\"Pre\u010d\u00edtajte si viac o Roz\u0161\u00edrili budovu lut. \u0161koly v najju\u017enej\u0161om meste sveta\">\u010c\u00edta\u0165 viac<\/a><\/p>\n","protected":false},"author":22,"featured_media":0,"comment_status":"open","ping_status":"open","sticky":false,"template":"","format":"standard","meta":{"footnotes":""},"categories":[46,10],"tags":[],"class_list":["post-2994","post","type-post","status-publish","format-standard","hentry","category-amerika","category-zo-sveta"],"_links":{"self":[{"href":"https:\/\/www.e-anjelik.sk\/index.php\/wp-json\/wp\/v2\/posts\/2994","targetHints":{"allow":["GET"]}}],"collection":[{"href":"https:\/\/www.e-anjelik.sk\/index.php\/wp-json\/wp\/v2\/posts"}],"about":[{"href":"https:\/\/www.e-anjelik.sk\/index.php\/wp-json\/wp\/v2\/types\/post"}],"author":[{"embeddable":true,"href":"https:\/\/www.e-anjelik.sk\/index.php\/wp-json\/wp\/v2\/users\/22"}],"replies":[{"embeddable":true,"href":"https:\/\/www.e-anjelik.sk\/index.php\/wp-json\/wp\/v2\/comments?post=2994"}],"version-history":[{"count":0,"href":"https:\/\/www.e-anjelik.sk\/index.php\/wp-json\/wp\/v2\/posts\/2994\/revisions"}],"wp:attachment":[{"href":"https:\/\/www.e-anjelik.sk\/index.php\/wp-json\/wp\/v2\/media?parent=2994"}],"wp:term":[{"taxonomy":"category","embeddable":true,"href":"https:\/\/www.e-anjelik.sk\/index.php\/wp-json\/wp\/v2\/categories?post=2994"},{"taxonomy":"post_tag","embeddable":true,"href":"https:\/\/www.e-anjelik.sk\/index.php\/wp-json\/wp\/v2\/tags?post=2994"}],"curies":[{"name":"wp","href":"https:\/\/api.w.org\/{rel}","templated":true}]}}