{"id":2995,"date":"2010-09-01T12:34:56","date_gmt":"2010-09-01T12:34:56","guid":{"rendered":"http:\/\/e-anjelik.sk\/?p=2995"},"modified":"2010-09-01T12:34:56","modified_gmt":"2010-09-01T12:34:56","slug":"skoncil-sa-12-evanjelizacny-tyzden-v-mragowe-polsko","status":"publish","type":"post","link":"https:\/\/www.e-anjelik.sk\/index.php\/2010\/09\/01\/skoncil-sa-12-evanjelizacny-tyzden-v-mragowe-polsko\/","title":{"rendered":"Skon\u010dil sa 12. Evanjeliza\u010dn\u00fd t\u00fd\u017ede\u0148 v Mragowe, Po\u013esko"},"content":{"rendered":"<p>V nede\u013eu 29. augusta t.r. sa v Mragowe,Po\u013esko skon\u010dil 12. Evanjeliza\u010dn&yacute; t&yacute;\u017ede\u0148. Organizovalo ho&nbsp;Centrum&nbsp;misie a&nbsp;evanjeliz&aacute;cie EAC Po\u013eska&nbsp;a okolit&eacute; cirkevn&eacute; zbory. T&eacute;mou predn&aacute;&scaron;ky bolo: &quot;Temn&aacute; str&aacute;nka Boha? \u0164a\u017ek&eacute; aspekty starozmluvnej teol&oacute;gie. &quot; Okrem predn&aacute;&scaron;ok, semin&aacute;rov a evanjeliz&aacute;cii sa ve\u013ek&eacute;mu z&aacute;ujmu n&aacute;v&scaron;tevn&iacute;kov te&scaron;ili koncerty. Na evanjeliz&aacute;ci&aacute;ch bolo pr&iacute;tomn&yacute;ch do 200 os&ocirc;b.<\/p>\n<p>(<a href=\"http:\/\/www.luteranie.pl\">www.luteranie.pl<\/a>)<\/p>\n","protected":false},"excerpt":{"rendered":"<p>V nede\u013eu 29. augusta t.r. sa v Mragowe,Po\u013esko skon\u010dil 12. Evanjeliza\u010dn&yacute; t&yacute;\u017ede\u0148. Organizovalo ho&nbsp;Centrum&nbsp;misie a&nbsp;evanjeliz&aacute;cie EAC Po\u013eska&nbsp;a okolit&eacute; cirkevn&eacute; zbory. T&eacute;mou predn&aacute;&scaron;ky bolo: &quot;Temn&aacute; str&aacute;nka Boha? \u0164a\u017ek&eacute; aspekty starozmluvnej teol&oacute;gie. &quot; Okrem predn&aacute;&scaron;ok, semin&aacute;rov a evanjeliz&aacute;cii sa ve\u013ek&eacute;mu z&aacute;ujmu n&aacute;v&scaron;tevn&iacute;kov te&scaron;ili koncerty. Na evanjeliz&aacute;ci&aacute;ch bolo pr&iacute;tomn&yacute;ch do 200 os&ocirc;b. (www.luteranie.pl)<\/p>\n","protected":false},"author":22,"featured_media":0,"comment_status":"open","ping_status":"open","sticky":false,"template":"","format":"standard","meta":{"footnotes":""},"categories":[9,10],"tags":[],"class_list":["post-2995","post","type-post","status-publish","format-standard","hentry","category-europa","category-zo-sveta"],"_links":{"self":[{"href":"https:\/\/www.e-anjelik.sk\/index.php\/wp-json\/wp\/v2\/posts\/2995","targetHints":{"allow":["GET"]}}],"collection":[{"href":"https:\/\/www.e-anjelik.sk\/index.php\/wp-json\/wp\/v2\/posts"}],"about":[{"href":"https:\/\/www.e-anjelik.sk\/index.php\/wp-json\/wp\/v2\/types\/post"}],"author":[{"embeddable":true,"href":"https:\/\/www.e-anjelik.sk\/index.php\/wp-json\/wp\/v2\/users\/22"}],"replies":[{"embeddable":true,"href":"https:\/\/www.e-anjelik.sk\/index.php\/wp-json\/wp\/v2\/comments?post=2995"}],"version-history":[{"count":0,"href":"https:\/\/www.e-anjelik.sk\/index.php\/wp-json\/wp\/v2\/posts\/2995\/revisions"}],"wp:attachment":[{"href":"https:\/\/www.e-anjelik.sk\/index.php\/wp-json\/wp\/v2\/media?parent=2995"}],"wp:term":[{"taxonomy":"category","embeddable":true,"href":"https:\/\/www.e-anjelik.sk\/index.php\/wp-json\/wp\/v2\/categories?post=2995"},{"taxonomy":"post_tag","embeddable":true,"href":"https:\/\/www.e-anjelik.sk\/index.php\/wp-json\/wp\/v2\/tags?post=2995"}],"curies":[{"name":"wp","href":"https:\/\/api.w.org\/{rel}","templated":true}]}}